{"id":4949,"date":"2025-03-31T23:47:11","date_gmt":"2025-03-31T23:47:11","guid":{"rendered":"https:\/\/cpp.pe\/cpp\/?p=4949"},"modified":"2025-08-13T23:48:22","modified_gmt":"2025-08-13T23:48:22","slug":"decanos-regionales-urgen-cumplimiento-de-leyes-y-profesionalizacion","status":"publish","type":"post","link":"https:\/\/cpp.pe\/cpp\/2025\/03\/31\/decanos-regionales-urgen-cumplimiento-de-leyes-y-profesionalizacion\/","title":{"rendered":"DECANOS REGIONALES URGEN CUMPLIMIENTO DE LEYES Y PROFESIONALIZACI\u00d3N"},"content":{"rendered":"<div class=\"wpb-content-wrapper\"><p>[vc_row css=\u00bb.vc_custom_1562273883104{padding-top: 20px !important;padding-bottom: 80px !important;}\u00bb][vc_column][vc_empty_space height=\u00bb40px\u00bb][vc_column_text css=\u00bb\u00bb]<\/p>\n<p dir=\"ltr\">Chiclayo, 30 de marzo de 2025 \u2013 La decana nacional del Colegio de Periodistas del Per\u00fa (CPP), Karola Lara Manchego, presidi\u00f3 la I Asamblea Macrorregional Norte en Chiclayo, donde se analizaron los desaf\u00edos que enfrentan los periodistas y comunicadores del pa\u00eds. En la asamblea participaron Francisca de Jes\u00fas Le\u00f3n, directora nacional de Coordinaci\u00f3n Regional; Guido Duarte Plata, presidente del Tribunal de Honor, y las decanas regionales de Piura, La Libertad, \u00c1ncash, Cajamarca y Lambayeque.<\/p>\n<p dir=\"ltr\">La Dra. Lara Manchego resalt\u00f3 la importancia de informar sobre la precaria realidad laboral de los periodistas y comunicadores en los medios e instituciones p\u00fablicas y privadas. Esta declaraci\u00f3n marc\u00f3 el inicio de un exhaustivo an\u00e1lisis de la situaci\u00f3n en el pa\u00eds, donde se identificaron problemas como la falta de oportunidades y la necesidad de fortalecer el cumplimiento de las leyes.<\/p>\n<p dir=\"ltr\">Tras las exposiciones de los decanos regionales, se acord\u00f3 exigir el cumplimiento de la Ley N.\u00ba 24898, as\u00ed como la Ley de Radio y Televisi\u00f3n, extendi\u00e9ndolas a los medios digitales y promoviendo la contrataci\u00f3n de periodistas colegiados y habilitados. Adem\u00e1s, se reafirm\u00f3 el compromiso de aplicar el Estatuto y Reglamento Nacional aprobado en Cusco, 2024, y de gestionar la inclusi\u00f3n de la profesi\u00f3n period\u00edstica en los instrumentos de gesti\u00f3n de las instituciones del Estado.<\/p>\n<p dir=\"ltr\">Los decanos se comprometieron a fortalecer las capacidades de los miembros de la orden, adapt\u00e1ndose a las exigencias laborales actuales y rechazando las manifestaciones de violencia de g\u00e9nero. La asamblea concluy\u00f3 con la Declaratoria de la Macrorregional Norte del CPP, reafirmando el compromiso con una prensa \u00e9tica, profesional y comprometida con la sociedad.<\/p>\n<p>[\/vc_column_text][\/vc_column][\/vc_row]<\/p>\n<\/div>","protected":false},"excerpt":{"rendered":"<p>[vc_row css=\u00bb.vc_custom_1562273883104{padding-top: 20px !important;padding-bottom: 80px !important;}\u00bb][vc_column][vc_empty_space height=\u00bb40px\u00bb][vc_column_text css=\u00bb\u00bb] Chiclayo, 30 de marzo de 2025 \u2013 La decana nacional del Colegio de Periodistas del Per\u00fa (CPP), Karola Lara Manchego, presidi\u00f3 la I Asamblea Macrorregional Norte en Chiclayo, donde se analizaron los desaf\u00edos que enfrentan los periodistas y comunicadores del pa\u00eds. En la asamblea participaron Francisca de [&hellip;]<\/p>\n","protected":false},"author":1,"featured_media":4946,"comment_status":"open","ping_status":"open","sticky":false,"template":"","format":"standard","meta":{"footnotes":""},"categories":[26],"tags":[],"class_list":["post-4949","post","type-post","status-publish","format-standard","has-post-thumbnail","hentry","category-nota-de-prensa"],"_links":{"self":[{"href":"https:\/\/cpp.pe\/cpp\/wp-json\/wp\/v2\/posts\/4949","targetHints":{"allow":["GET"]}}],"collection":[{"href":"https:\/\/cpp.pe\/cpp\/wp-json\/wp\/v2\/posts"}],"about":[{"href":"https:\/\/cpp.pe\/cpp\/wp-json\/wp\/v2\/types\/post"}],"author":[{"embeddable":true,"href":"https:\/\/cpp.pe\/cpp\/wp-json\/wp\/v2\/users\/1"}],"replies":[{"embeddable":true,"href":"https:\/\/cpp.pe\/cpp\/wp-json\/wp\/v2\/comments?post=4949"}],"version-history":[{"count":1,"href":"https:\/\/cpp.pe\/cpp\/wp-json\/wp\/v2\/posts\/4949\/revisions"}],"predecessor-version":[{"id":4950,"href":"https:\/\/cpp.pe\/cpp\/wp-json\/wp\/v2\/posts\/4949\/revisions\/4950"}],"wp:featuredmedia":[{"embeddable":true,"href":"https:\/\/cpp.pe\/cpp\/wp-json\/wp\/v2\/media\/4946"}],"wp:attachment":[{"href":"https:\/\/cpp.pe\/cpp\/wp-json\/wp\/v2\/media?parent=4949"}],"wp:term":[{"taxonomy":"category","embeddable":true,"href":"https:\/\/cpp.pe\/cpp\/wp-json\/wp\/v2\/categories?post=4949"},{"taxonomy":"post_tag","embeddable":true,"href":"https:\/\/cpp.pe\/cpp\/wp-json\/wp\/v2\/tags?post=4949"}],"curies":[{"name":"wp","href":"https:\/\/api.w.org\/{rel}","templated":true}]}}