{"id":5435,"date":"2025-10-22T17:14:03","date_gmt":"2025-10-22T22:14:03","guid":{"rendered":"https:\/\/cpp.pe\/cpp\/?p=5435"},"modified":"2025-10-23T14:46:11","modified_gmt":"2025-10-23T19:46:11","slug":"colegio-de-periodistas-del-peru-amplia-convenio-con-la-universidad-jaime-bausate-y-meza-para-fortalecer-la-formacion-profesional-en-todo-el-pais","status":"publish","type":"post","link":"https:\/\/cpp.pe\/cpp\/2025\/10\/22\/colegio-de-periodistas-del-peru-amplia-convenio-con-la-universidad-jaime-bausate-y-meza-para-fortalecer-la-formacion-profesional-en-todo-el-pais\/","title":{"rendered":"COLEGIO DE PERIODISTAS DEL PER\u00da AMPL\u00cdA CONVENIO CON LA UNIVERSIDAD JAIME BAUSATE Y MEZA PARA FORTALECER LA FORMACI\u00d3N PROFESIONAL EN TODO EL PA\u00cdS"},"content":{"rendered":"<div class=\"wpb-content-wrapper\"><p>[vc_row][vc_column][vc_column_text css=\u00bb\u00bb]Lima, 22 de octubre de 2025. &#8211;\u00a0 En el marco de su compromiso con la profesionalizaci\u00f3n del periodismo en el Per\u00fa, el Colegio de Periodistas del Per\u00fa (CPP) anunci\u00f3 la ampliaci\u00f3n de su convenio con la Universidad Jaime Bausate y Meza, con el prop\u00f3sito de brindar mayores oportunidades acad\u00e9micas a periodistas no colegiados de todo el territorio nacional.<\/p>\n<p>Esta alianza estrat\u00e9gica permitir\u00e1 que los interesados accedan a estudios de pregrado en Periodismo en modalidades presencial, semipresencial o virtual, desde cualquier regi\u00f3n del pa\u00eds, benefici\u00e1ndose adem\u00e1s con descuentos especiales. De esta manera, el CPP impulsa una formaci\u00f3n universitaria accesible, moderna y orientada a la titulaci\u00f3n profesional, paso previo a la colegiatura.<\/p>\n<p>La Decana Nacional del CPP, Dra Karola Lara Manchego al anunciar esta ampliaci\u00f3n, resalt\u00f3 que el esfuerzo conjunto responde a la necesidad de contar con profesionales cada vez m\u00e1s preparados y \u00e9ticos frente a los retos de la comunicaci\u00f3n contempor\u00e1nea.<\/p>\n<p>\u201cEl periodismo profesional y \u00e9tico es un pilar de la democracia. Apostar por la formaci\u00f3n acad\u00e9mica de quienes ejercen la comunicaci\u00f3n significa apostar por el desarrollo del pa\u00eds\u201d, sostuvo.<\/p>\n<p>Con presencia institucional en 23 Consejos Departamentales a nivel nacional, el Colegio de Periodistas del Per\u00fa reafirma su compromiso con la formaci\u00f3n continua y el fortalecimiento de la identidad profesional del periodista peruano, contribuyendo al desarrollo de una comunicaci\u00f3n veraz, cr\u00edtica y al servicio de la sociedad.[\/vc_column_text][\/vc_column][\/vc_row]<\/p>\n<\/div>","protected":false},"excerpt":{"rendered":"<p>[vc_row][vc_column][vc_column_text css=\u00bb\u00bb]Lima, 22 de octubre de 2025. &#8211;\u00a0 En el marco de su compromiso con la profesionalizaci\u00f3n del periodismo en el Per\u00fa, el Colegio de Periodistas del Per\u00fa (CPP) anunci\u00f3 la ampliaci\u00f3n de su convenio con la Universidad Jaime Bausate y Meza, con el prop\u00f3sito de brindar mayores oportunidades acad\u00e9micas a periodistas no colegiados de [&hellip;]<\/p>\n","protected":false},"author":4,"featured_media":5436,"comment_status":"open","ping_status":"open","sticky":false,"template":"","format":"standard","meta":{"footnotes":""},"categories":[26],"tags":[],"class_list":["post-5435","post","type-post","status-publish","format-standard","has-post-thumbnail","hentry","category-nota-de-prensa"],"_links":{"self":[{"href":"https:\/\/cpp.pe\/cpp\/wp-json\/wp\/v2\/posts\/5435","targetHints":{"allow":["GET"]}}],"collection":[{"href":"https:\/\/cpp.pe\/cpp\/wp-json\/wp\/v2\/posts"}],"about":[{"href":"https:\/\/cpp.pe\/cpp\/wp-json\/wp\/v2\/types\/post"}],"author":[{"embeddable":true,"href":"https:\/\/cpp.pe\/cpp\/wp-json\/wp\/v2\/users\/4"}],"replies":[{"embeddable":true,"href":"https:\/\/cpp.pe\/cpp\/wp-json\/wp\/v2\/comments?post=5435"}],"version-history":[{"count":2,"href":"https:\/\/cpp.pe\/cpp\/wp-json\/wp\/v2\/posts\/5435\/revisions"}],"predecessor-version":[{"id":5456,"href":"https:\/\/cpp.pe\/cpp\/wp-json\/wp\/v2\/posts\/5435\/revisions\/5456"}],"wp:featuredmedia":[{"embeddable":true,"href":"https:\/\/cpp.pe\/cpp\/wp-json\/wp\/v2\/media\/5436"}],"wp:attachment":[{"href":"https:\/\/cpp.pe\/cpp\/wp-json\/wp\/v2\/media?parent=5435"}],"wp:term":[{"taxonomy":"category","embeddable":true,"href":"https:\/\/cpp.pe\/cpp\/wp-json\/wp\/v2\/categories?post=5435"},{"taxonomy":"post_tag","embeddable":true,"href":"https:\/\/cpp.pe\/cpp\/wp-json\/wp\/v2\/tags?post=5435"}],"curies":[{"name":"wp","href":"https:\/\/api.w.org\/{rel}","templated":true}]}}