{"id":5439,"date":"2025-10-17T13:47:31","date_gmt":"2025-10-17T18:47:31","guid":{"rendered":"https:\/\/cpp.pe\/cpp\/?p=5439"},"modified":"2025-10-23T14:44:21","modified_gmt":"2025-10-23T19:44:21","slug":"el-colegio-de-periodistas-del-peru-rinde-homenaje-al-bicentenario-del-diario-oficial-el-peruano","status":"publish","type":"post","link":"https:\/\/cpp.pe\/cpp\/2025\/10\/17\/el-colegio-de-periodistas-del-peru-rinde-homenaje-al-bicentenario-del-diario-oficial-el-peruano\/","title":{"rendered":"EL COLEGIO DE PERIODISTAS DEL PER\u00da RINDE HOMENAJE AL BICENTENARIO DEL DIARIO OFICIAL EL PERUANO"},"content":{"rendered":"<div class=\"wpb-content-wrapper\"><p>[vc_row][vc_column][vc_column_text css=\u00bb\u00bb]Lima, 17 de\u00a0 octubre de 2025. \u2013 Con motivo de la conmemoraci\u00f3n del Bicentenario del Diario Oficial El Peruano, el Colegio de Periodistas del Per\u00fa realiz\u00f3 una visita protocolar a sus instalaciones, encabezada por la decana nacional, doctora Karola Lara Manchego. Durante la ceremonia, se entreg\u00f3 un reconocimiento institucional al medio, en manos del se\u00f1or F\u00e9lix Paz Quiroz, director de Medios Period\u00edsticos de Editora Per\u00fa.<\/p>\n<p>La Decana Nacional destac\u00f3 que El Peruano, a lo largo de 200 a\u00f1os de historia, ha sido testigo y narrador de los hechos m\u00e1s trascendentes de la vida republicana, consolid\u00e1ndose como un referente de credibilidad y garant\u00eda de informaci\u00f3n oficial para la ciudadan\u00eda.<\/p>\n<p>\u201cEl Bicentenario de El Peruano no solo celebra la vigencia de un medio de comunicaci\u00f3n, sino la preservaci\u00f3n de la memoria hist\u00f3rica del Per\u00fa, que ha acompa\u00f1ado el desarrollo institucional, social y democr\u00e1tico de nuestra naci\u00f3n\u201d, expres\u00f3 la doctora Lara Manchego.<\/p>\n<p>Este reconocimiento reafirma el aprecio y gratitud del gremio period\u00edstico hacia el decano de la prensa nacional, cuya trayectoria representa un legado de servicio, compromiso y responsabilidad con el pa\u00eds.[\/vc_column_text][\/vc_column][\/vc_row]<\/p>\n<\/div>","protected":false},"excerpt":{"rendered":"<p>[vc_row][vc_column][vc_column_text css=\u00bb\u00bb]Lima, 17 de\u00a0 octubre de 2025. \u2013 Con motivo de la conmemoraci\u00f3n del Bicentenario del Diario Oficial El Peruano, el Colegio de Periodistas del Per\u00fa realiz\u00f3 una visita protocolar a sus instalaciones, encabezada por la decana nacional, doctora Karola Lara Manchego. Durante la ceremonia, se entreg\u00f3 un reconocimiento institucional al medio, en manos del [&hellip;]<\/p>\n","protected":false},"author":4,"featured_media":5441,"comment_status":"open","ping_status":"open","sticky":false,"template":"","format":"standard","meta":{"footnotes":""},"categories":[26],"tags":[],"class_list":["post-5439","post","type-post","status-publish","format-standard","has-post-thumbnail","hentry","category-nota-de-prensa"],"_links":{"self":[{"href":"https:\/\/cpp.pe\/cpp\/wp-json\/wp\/v2\/posts\/5439","targetHints":{"allow":["GET"]}}],"collection":[{"href":"https:\/\/cpp.pe\/cpp\/wp-json\/wp\/v2\/posts"}],"about":[{"href":"https:\/\/cpp.pe\/cpp\/wp-json\/wp\/v2\/types\/post"}],"author":[{"embeddable":true,"href":"https:\/\/cpp.pe\/cpp\/wp-json\/wp\/v2\/users\/4"}],"replies":[{"embeddable":true,"href":"https:\/\/cpp.pe\/cpp\/wp-json\/wp\/v2\/comments?post=5439"}],"version-history":[{"count":3,"href":"https:\/\/cpp.pe\/cpp\/wp-json\/wp\/v2\/posts\/5439\/revisions"}],"predecessor-version":[{"id":5455,"href":"https:\/\/cpp.pe\/cpp\/wp-json\/wp\/v2\/posts\/5439\/revisions\/5455"}],"wp:featuredmedia":[{"embeddable":true,"href":"https:\/\/cpp.pe\/cpp\/wp-json\/wp\/v2\/media\/5441"}],"wp:attachment":[{"href":"https:\/\/cpp.pe\/cpp\/wp-json\/wp\/v2\/media?parent=5439"}],"wp:term":[{"taxonomy":"category","embeddable":true,"href":"https:\/\/cpp.pe\/cpp\/wp-json\/wp\/v2\/categories?post=5439"},{"taxonomy":"post_tag","embeddable":true,"href":"https:\/\/cpp.pe\/cpp\/wp-json\/wp\/v2\/tags?post=5439"}],"curies":[{"name":"wp","href":"https:\/\/api.w.org\/{rel}","templated":true}]}}