{"id":5443,"date":"2025-10-14T10:54:30","date_gmt":"2025-10-14T15:54:30","guid":{"rendered":"https:\/\/cpp.pe\/cpp\/?p=5443"},"modified":"2025-10-23T14:46:38","modified_gmt":"2025-10-23T19:46:38","slug":"el-colegio-de-periodistas-del-peru-rinde-homenaje-en-presentacion-de-la-ultima-sirena-del-nanay","status":"publish","type":"post","link":"https:\/\/cpp.pe\/cpp\/2025\/10\/14\/el-colegio-de-periodistas-del-peru-rinde-homenaje-en-presentacion-de-la-ultima-sirena-del-nanay\/","title":{"rendered":"EL COLEGIO DE PERIODISTAS DEL PER\u00da RINDE HOMENAJE EN PRESENTACI\u00d3N DE \u201cLA \u00daLTIMA SIRENA DEL NANAY\u201d"},"content":{"rendered":"<div class=\"wpb-content-wrapper\"><p>[vc_row][vc_column][vc_column_text css=\u00bb\u00bb]<\/p>\n<p class=\"my-2 [&amp;+p]:mt-4 [&amp;_strong:has(+br)]:inline-block [&amp;_strong:has(+br)]:pb-2\">Lima, 14 de octubre de 2025. &#8211;\u00a0 En un emotivo acto celebrado en la Biblioteca Regional Mario Vargas Llosa, fue presentada la novela <em>La \u00faltima sirena del Nanay<\/em>, segunda obra literaria del periodista y escritor Antonio Mu\u00f1oz de la Vega, con la conducci\u00f3n del reconocido comunicador arequipe\u00f1o Jorge Turpo Rivas.<\/p>\n<p class=\"my-2 [&amp;+p]:mt-4 [&amp;_strong:has(+br)]:inline-block [&amp;_strong:has(+br)]:pb-2\">Durante la ceremonia, la decana nacional del Colegio de Periodistas del Per\u00fa, la Dra. Karola Lara Manchego, entreg\u00f3 un reconocimiento institucional al autor por su destacada contribuci\u00f3n al periodismo narrativo y por fortalecer los lazos entre la literatura peruana y espa\u00f1ola.<\/p>\n<p class=\"my-2 [&amp;+p]:mt-4 [&amp;_strong:has(+br)]:inline-block [&amp;_strong:has(+br)]:pb-2\">El evento form\u00f3 parte de las Jornadas \u201cPeriodismo con \u00d1\u201d, organizadas por la Asociaci\u00f3n de la Prensa de C\u00e1diz en el marco del X Congreso Internacional de la Lengua Espa\u00f1ola, del cual Arequipa es una de las sedes.<\/p>\n<p class=\"my-2 [&amp;+p]:mt-4 [&amp;_strong:has(+br)]:inline-block [&amp;_strong:has(+br)]:pb-2\">La novela, publicada por Kaizen Editores bajo el sello De Periodistas\/Literatura, narra la historia de Gonzalo Segrelles, un periodista que emprende un viaje al coraz\u00f3n de la Amazon\u00eda peruana, en una trama donde se entrelazan el amor, la mitolog\u00eda y los dilemas existenciales.<\/p>\n<p class=\"my-2 [&amp;+p]:mt-4 [&amp;_strong:has(+br)]:inline-block [&amp;_strong:has(+br)]:pb-2\">Por su parte, Mu\u00f1oz de la Vega, licenciado en Periodismo por la Universidad de Sevilla y con una amplia trayectoria en medios como\u00a0<em>La Voz de C\u00e1diz<\/em>\u00a0y\u00a0<em>Diario de C\u00e1diz<\/em>, agradeci\u00f3 el reconocimiento del Colegio de Periodistas del Per\u00fa, destac\u00f3 la calidez del p\u00fablico arequipe\u00f1o y celebr\u00f3 la riqueza cultural del pa\u00eds.<\/p>\n<p>&nbsp;<\/p>\n<p>F. D.[\/vc_column_text][\/vc_column][\/vc_row]<\/p>\n<\/div>","protected":false},"excerpt":{"rendered":"<p>[vc_row][vc_column][vc_column_text css=\u00bb\u00bb] Lima, 14 de octubre de 2025. &#8211;\u00a0 En un emotivo acto celebrado en la Biblioteca Regional Mario Vargas Llosa, fue presentada la novela La \u00faltima sirena del Nanay, segunda obra literaria del periodista y escritor Antonio Mu\u00f1oz de la Vega, con la conducci\u00f3n del reconocido comunicador arequipe\u00f1o Jorge Turpo Rivas. Durante la ceremonia, [&hellip;]<\/p>\n","protected":false},"author":4,"featured_media":5444,"comment_status":"open","ping_status":"open","sticky":false,"template":"","format":"standard","meta":{"footnotes":""},"categories":[26],"tags":[],"class_list":["post-5443","post","type-post","status-publish","format-standard","has-post-thumbnail","hentry","category-nota-de-prensa"],"_links":{"self":[{"href":"https:\/\/cpp.pe\/cpp\/wp-json\/wp\/v2\/posts\/5443","targetHints":{"allow":["GET"]}}],"collection":[{"href":"https:\/\/cpp.pe\/cpp\/wp-json\/wp\/v2\/posts"}],"about":[{"href":"https:\/\/cpp.pe\/cpp\/wp-json\/wp\/v2\/types\/post"}],"author":[{"embeddable":true,"href":"https:\/\/cpp.pe\/cpp\/wp-json\/wp\/v2\/users\/4"}],"replies":[{"embeddable":true,"href":"https:\/\/cpp.pe\/cpp\/wp-json\/wp\/v2\/comments?post=5443"}],"version-history":[{"count":2,"href":"https:\/\/cpp.pe\/cpp\/wp-json\/wp\/v2\/posts\/5443\/revisions"}],"predecessor-version":[{"id":5457,"href":"https:\/\/cpp.pe\/cpp\/wp-json\/wp\/v2\/posts\/5443\/revisions\/5457"}],"wp:featuredmedia":[{"embeddable":true,"href":"https:\/\/cpp.pe\/cpp\/wp-json\/wp\/v2\/media\/5444"}],"wp:attachment":[{"href":"https:\/\/cpp.pe\/cpp\/wp-json\/wp\/v2\/media?parent=5443"}],"wp:term":[{"taxonomy":"category","embeddable":true,"href":"https:\/\/cpp.pe\/cpp\/wp-json\/wp\/v2\/categories?post=5443"},{"taxonomy":"post_tag","embeddable":true,"href":"https:\/\/cpp.pe\/cpp\/wp-json\/wp\/v2\/tags?post=5443"}],"curies":[{"name":"wp","href":"https:\/\/api.w.org\/{rel}","templated":true}]}}