{"id":5446,"date":"2025-10-11T18:14:55","date_gmt":"2025-10-11T23:14:55","guid":{"rendered":"https:\/\/cpp.pe\/cpp\/?p=5446"},"modified":"2025-10-23T14:44:58","modified_gmt":"2025-10-23T19:44:58","slug":"declaracion-de-la-asamblea-macroregional-sur-del-colegio-de-periodistas-del-peru","status":"publish","type":"post","link":"https:\/\/cpp.pe\/cpp\/2025\/10\/11\/declaracion-de-la-asamblea-macroregional-sur-del-colegio-de-periodistas-del-peru\/","title":{"rendered":"DECLARACI\u00d3N DE LA ASAMBLEA MACROREGIONAL SUR DEL COLEGIO DE PERIODISTAS DEL PER\u00da"},"content":{"rendered":"<div class=\"wpb-content-wrapper\"><p>[vc_row][vc_column][vc_column_text css=\u00bb\u00bb]Tacna, 11 de octubre de 2025. \u2013 Los decanos de los Consejos Departamentales de Tacna, Moquegua, Arequipa, Madre de Dios y la Directora Departamental de Puno, reunidos en la Asamblea Macroregional Sur, emitieron una declaratoria conjunta reafirmando su compromiso con la defensa del trabajo period\u00edstico y la libertad de prensa como pilares fundamentales de la democracia en el pa\u00eds.<\/p>\n<p>Entre los principales acuerdos adoptados, se destacan:<\/p>\n<p>Respeto al ejercicio period\u00edstico y a la libertad de prensa, garantizando un trabajo libre de amenazas o amedrentamientos.<br \/>\n\u00c9tica y responsabilidad en el periodismo, exhortando a los comunicadores a respetar la dignidad de las personas, priorizando la veracidad y la responsabilidad social en sus contenidos.<br \/>\nRespeto institucional en el proceso electoral 2025-2026 del CPP, invocando a los candidatos a mantener un comportamiento democr\u00e1tico y transparente.<br \/>\nCapacitaci\u00f3n permanente en \u00e9tica, legislaci\u00f3n period\u00edstica, libertad de prensa y tecnolog\u00edas de la informaci\u00f3n, como herramientas esenciales para el ejercicio profesional.<\/p>\n<p>Fortalecimiento de la difusi\u00f3n de actividades institucionales a trav\u00e9s de las p\u00e1ginas oficiales y redes sociales del Colegio.<\/p>\n<p>Con esta Declaraci\u00f3n, la Asamblea Macroregional Sur proyecta unidad, \u00e9tica profesional e institucionalidad democr\u00e1tica, reafirmando su compromiso con los periodistas y la sociedad peruana.[\/vc_column_text][\/vc_column][\/vc_row]<\/p>\n<\/div>","protected":false},"excerpt":{"rendered":"<p>[vc_row][vc_column][vc_column_text css=\u00bb\u00bb]Tacna, 11 de octubre de 2025. \u2013 Los decanos de los Consejos Departamentales de Tacna, Moquegua, Arequipa, Madre de Dios y la Directora Departamental de Puno, reunidos en la Asamblea Macroregional Sur, emitieron una declaratoria conjunta reafirmando su compromiso con la defensa del trabajo period\u00edstico y la libertad de prensa como pilares fundamentales de [&hellip;]<\/p>\n","protected":false},"author":4,"featured_media":5447,"comment_status":"open","ping_status":"open","sticky":false,"template":"","format":"standard","meta":{"footnotes":""},"categories":[26],"tags":[],"class_list":["post-5446","post","type-post","status-publish","format-standard","has-post-thumbnail","hentry","category-nota-de-prensa"],"_links":{"self":[{"href":"https:\/\/cpp.pe\/cpp\/wp-json\/wp\/v2\/posts\/5446","targetHints":{"allow":["GET"]}}],"collection":[{"href":"https:\/\/cpp.pe\/cpp\/wp-json\/wp\/v2\/posts"}],"about":[{"href":"https:\/\/cpp.pe\/cpp\/wp-json\/wp\/v2\/types\/post"}],"author":[{"embeddable":true,"href":"https:\/\/cpp.pe\/cpp\/wp-json\/wp\/v2\/users\/4"}],"replies":[{"embeddable":true,"href":"https:\/\/cpp.pe\/cpp\/wp-json\/wp\/v2\/comments?post=5446"}],"version-history":[{"count":1,"href":"https:\/\/cpp.pe\/cpp\/wp-json\/wp\/v2\/posts\/5446\/revisions"}],"predecessor-version":[{"id":5448,"href":"https:\/\/cpp.pe\/cpp\/wp-json\/wp\/v2\/posts\/5446\/revisions\/5448"}],"wp:featuredmedia":[{"embeddable":true,"href":"https:\/\/cpp.pe\/cpp\/wp-json\/wp\/v2\/media\/5447"}],"wp:attachment":[{"href":"https:\/\/cpp.pe\/cpp\/wp-json\/wp\/v2\/media?parent=5446"}],"wp:term":[{"taxonomy":"category","embeddable":true,"href":"https:\/\/cpp.pe\/cpp\/wp-json\/wp\/v2\/categories?post=5446"},{"taxonomy":"post_tag","embeddable":true,"href":"https:\/\/cpp.pe\/cpp\/wp-json\/wp\/v2\/tags?post=5446"}],"curies":[{"name":"wp","href":"https:\/\/api.w.org\/{rel}","templated":true}]}}