{"id":5458,"date":"2025-09-20T14:55:04","date_gmt":"2025-09-20T19:55:04","guid":{"rendered":"https:\/\/cpp.pe\/cpp\/?p=5458"},"modified":"2025-10-23T14:57:32","modified_gmt":"2025-10-23T19:57:32","slug":"ciberseguridad-para-periodistas-y-comunicadores-fortalecio-la-proteccion-digital-en-el-ejercicio-periodistico","status":"publish","type":"post","link":"https:\/\/cpp.pe\/cpp\/2025\/09\/20\/ciberseguridad-para-periodistas-y-comunicadores-fortalecio-la-proteccion-digital-en-el-ejercicio-periodistico\/","title":{"rendered":"\u201cCIBERSEGURIDAD PARA PERIODISTAS Y COMUNICADORES\u201d FORTALECI\u00d3 LA PROTECCI\u00d3N DIGITAL EN EL EJERCICIO PERIOD\u00cdSTICO"},"content":{"rendered":"<div class=\"wpb-content-wrapper\"><p>[vc_row][vc_column][vc_column_text css=\u00bb\u00bb]Lima, 20 de septiembre de 2025. \u2013 En el marco de la celebraci\u00f3n por el D\u00eda del Periodista, el Colegio de Periodistas del Per\u00fa (CPP) organiz\u00f3 la conferencia magistral \u201cCiberseguridad para periodistas y comunicadores\u201d, un espacio acad\u00e9mico que reuni\u00f3 a reconocidos especialistas en derechos digitales, seguridad cibern\u00e9tica y comunicaci\u00f3n, as\u00ed como a decanos departamentales de distintas regiones del pa\u00eds y directivos nacionales de las diversas comisiones.<\/p>\n<p>El evento fue presidido por la decana nacional, Dra. Karola Lara Manchego, quien reafirm\u00f3 el compromiso institucional de impulsar la capacitaci\u00f3n permanente y de enfrentar con decisi\u00f3n los desaf\u00edos de la era digital, los cuales impactan directamente en la labor period\u00edstica y en la defensa de la libertad de expresi\u00f3n.<\/p>\n<p>Exposiciones de alto nivel<\/p>\n<p>Entre las ponencias destacadas, el Dr. Josu\u00e9 Manuel Guti\u00e9rrez C\u00f3ndor, Defensor del Pueblo del Per\u00fa, desarroll\u00f3 el tema \u201cEl rol del Estado en la protecci\u00f3n de los derechos digitales de los periodistas y los desaf\u00edos de la era digital para la libertad de expresi\u00f3n\u201d. En su intervenci\u00f3n, subray\u00f3 que la ausencia de garant\u00edas en materia de ciberseguridad y derechos digitales afecta la confianza ciudadana, la democracia y la credibilidad de la prensa. Asimismo, anunci\u00f3 el fortalecimiento de alianzas con el Colegio de Periodistas del Per\u00fa, a trav\u00e9s de la decana nacional, para implementar campa\u00f1as, defender los derechos digitales y promover un ejercicio period\u00edstico \u00e9tico y responsable.<\/p>\n<p>A su turno, el General PNP Jos\u00e9 Antonio Zavala Chumbiauca, director de la Direcci\u00f3n de Investigaci\u00f3n de Ciberdelincuencia de la Polic\u00eda Nacional del Per\u00fa, present\u00f3 la ponencia \u201cPrevenci\u00f3n del delito inform\u00e1tico y protecci\u00f3n de la informaci\u00f3n period\u00edstica\u201d. En ella alert\u00f3 sobre el incremento de delitos cibern\u00e9ticos y explic\u00f3 las principales modalidades de fraude digital. Precis\u00f3 que, solo en lo que va del a\u00f1o 2025, se han registrado 5 141 denuncias en la DIRCIBERD, cifra r\u00e9cord en comparaci\u00f3n con a\u00f1os anteriores.<\/p>\n<p>Por su parte, la Mag. Francisca de Jes\u00fas Le\u00f3n \u00c1ngeles, directora nacional de Coordinaci\u00f3n Departamental del CPP, expuso el tema \u201cCiberperiodismo: el escudo de la verdad en la era digital\u201d. Destac\u00f3 el rol de la prensa en la lucha contra la desinformaci\u00f3n en entornos virtuales y se\u00f1al\u00f3 que la inteligencia artificial constituye tanto un desaf\u00edo como una herramienta. Resalt\u00f3, adem\u00e1s, la necesidad de una responsabilidad compartida entre gobiernos, periodistas y audiencias frente al avance de la desinformaci\u00f3n.<\/p>\n<p>Reconocimientos y compromisos<\/p>\n<p>La jornada incluy\u00f3 un espacio de di\u00e1logo con los asistentes mediante una ronda de preguntas que permiti\u00f3 profundizar en los temas abordados. El evento culmin\u00f3 con la entrega de reconocimientos a los ponentes y a periodistas de la orden por su valioso aporte acad\u00e9mico y profesional.<\/p>\n<p>Con esta actividad, el Colegio de Periodistas del Per\u00fa reafirma su compromiso con la defensa de los profesionales de la comunicaci\u00f3n y con la promoci\u00f3n de herramientas que garanticen un periodismo seguro, responsable y libre en el entorno digital.[\/vc_column_text][\/vc_column][\/vc_row]<\/p>\n<\/div>","protected":false},"excerpt":{"rendered":"<p>[vc_row][vc_column][vc_column_text css=\u00bb\u00bb]Lima, 20 de septiembre de 2025. \u2013 En el marco de la celebraci\u00f3n por el D\u00eda del Periodista, el Colegio de Periodistas del Per\u00fa (CPP) organiz\u00f3 la conferencia magistral \u201cCiberseguridad para periodistas y comunicadores\u201d, un espacio acad\u00e9mico que reuni\u00f3 a reconocidos especialistas en derechos digitales, seguridad cibern\u00e9tica y comunicaci\u00f3n, as\u00ed como a decanos departamentales [&hellip;]<\/p>\n","protected":false},"author":4,"featured_media":5459,"comment_status":"open","ping_status":"open","sticky":false,"template":"","format":"standard","meta":{"footnotes":""},"categories":[26],"tags":[],"class_list":["post-5458","post","type-post","status-publish","format-standard","has-post-thumbnail","hentry","category-nota-de-prensa"],"_links":{"self":[{"href":"https:\/\/cpp.pe\/cpp\/wp-json\/wp\/v2\/posts\/5458","targetHints":{"allow":["GET"]}}],"collection":[{"href":"https:\/\/cpp.pe\/cpp\/wp-json\/wp\/v2\/posts"}],"about":[{"href":"https:\/\/cpp.pe\/cpp\/wp-json\/wp\/v2\/types\/post"}],"author":[{"embeddable":true,"href":"https:\/\/cpp.pe\/cpp\/wp-json\/wp\/v2\/users\/4"}],"replies":[{"embeddable":true,"href":"https:\/\/cpp.pe\/cpp\/wp-json\/wp\/v2\/comments?post=5458"}],"version-history":[{"count":1,"href":"https:\/\/cpp.pe\/cpp\/wp-json\/wp\/v2\/posts\/5458\/revisions"}],"predecessor-version":[{"id":5460,"href":"https:\/\/cpp.pe\/cpp\/wp-json\/wp\/v2\/posts\/5458\/revisions\/5460"}],"wp:featuredmedia":[{"embeddable":true,"href":"https:\/\/cpp.pe\/cpp\/wp-json\/wp\/v2\/media\/5459"}],"wp:attachment":[{"href":"https:\/\/cpp.pe\/cpp\/wp-json\/wp\/v2\/media?parent=5458"}],"wp:term":[{"taxonomy":"category","embeddable":true,"href":"https:\/\/cpp.pe\/cpp\/wp-json\/wp\/v2\/categories?post=5458"},{"taxonomy":"post_tag","embeddable":true,"href":"https:\/\/cpp.pe\/cpp\/wp-json\/wp\/v2\/tags?post=5458"}],"curies":[{"name":"wp","href":"https:\/\/api.w.org\/{rel}","templated":true}]}}