{"id":5461,"date":"2025-09-06T15:01:05","date_gmt":"2025-09-06T20:01:05","guid":{"rendered":"https:\/\/cpp.pe\/cpp\/?p=5461"},"modified":"2025-10-23T15:02:47","modified_gmt":"2025-10-23T20:02:47","slug":"escritoesta-se-presenta-como-tribuna-abierta-para-fortalecer-la-labor-periodistica-en-el-pais","status":"publish","type":"post","link":"https:\/\/cpp.pe\/cpp\/2025\/09\/06\/escritoesta-se-presenta-como-tribuna-abierta-para-fortalecer-la-labor-periodistica-en-el-pais\/","title":{"rendered":"\u201cESCRITOEST\u00c1\u201d SE PRESENTA COMO TRIBUNA ABIERTA PARA FORTALECER LA LABOR PERIOD\u00cdSTICA EN EL PA\u00cdS"},"content":{"rendered":"<div class=\"wpb-content-wrapper\"><p>[vc_row][vc_column][vc_column_text css=\u00bb\u00bb]Lima, 6 de septiembre de 2025. &#8211; El Colegio de Periodistas del Per\u00fa (CPP) present\u00f3 oficialmente su revista institucional \u201cEscritoEst\u00e1\u201d, una publicaci\u00f3n que busca consolidarse como un espacio de calidad editorial y gr\u00e1fica, orientado a la difusi\u00f3n de contenidos period\u00edsticos de inter\u00e9s nacional.<\/p>\n<div class=\"col-71\">\n<div class=\"blog-item-wrap\">\n<article id=\"post-11560\" class=\"blog-post-item-two blog-details-wrap format-image post-11560 post type-post status-publish format-standard has-post-thumbnail hentry category-notas-de-prensa\">\n<div class=\"blog-details-content\">\n<div class=\"post-text\">\n<div class=\"elementor elementor-11560\" data-elementor-type=\"wp-post\" data-elementor-id=\"11560\" data-elementor-post-type=\"post\">\n<section class=\"elementor-section elementor-top-section elementor-element elementor-element-91ab569 elementor-section-boxed elementor-section-height-default elementor-section-height-default\" data-id=\"91ab569\" data-element_type=\"section\">\n<div class=\"elementor-container elementor-column-gap-default\">\n<div class=\"elementor-column elementor-col-100 elementor-top-column elementor-element elementor-element-ac24229\" data-id=\"ac24229\" data-element_type=\"column\">\n<div class=\"elementor-widget-wrap elementor-element-populated\">\n<div class=\"elementor-element elementor-element-9c23ba0 elementor-widget elementor-widget-text-editor\" data-id=\"9c23ba0\" data-element_type=\"widget\" data-widget_type=\"text-editor.default\">\n<div class=\"elementor-widget-container\">\n<p>La ceremonia de lanzamiento fue inaugurada por la decana nacional, Dra. Karola Lara Manchego, quien destac\u00f3 que esta publicaci\u00f3n constituye \u201cun acto trascendental al reflejar el compromiso y la vocaci\u00f3n de servicio de la orden en la promoci\u00f3n de temas culturales y sociales\u201d. Asimismo, subray\u00f3 que la revista se convierte en una tribuna abierta para el periodismo, expresando su reconocimiento a los responsables del proyecto y a los auspiciadores que hicieron posible su materializaci\u00f3n.<\/p>\n<p>El editor de la revista, Jorge Turpo Rivas, resalt\u00f3 que este esfuerzo responde a la necesidad de volver a la esencia del periodismo: contar historias con ideas y humanidad. Precis\u00f3 que el primer n\u00famero est\u00e1 dedicado a dos figuras universales: Mario Vargas Llosa, en su faceta de periodista, y el papa Le\u00f3n XIII, cuya visi\u00f3n sobre la prensa resulta fundamental para comprender su rol en la sociedad. \u201cSe trata de una semblanza orientada a unir pensamiento, oficio y vocaci\u00f3n\u201d, sostuvo.<\/p>\n<p>Por su parte, el productor ejecutivo, Jos\u00e9 Miguel Torres C\u00e1ceres, explic\u00f3 los detalles del dise\u00f1o y la estructura de la publicaci\u00f3n, mientras se proyectaba la versi\u00f3n digital de la revista, permitiendo a los asistentes apreciar su calidad gr\u00e1fica y narrativa.<\/p>\n<p>Los decanos departamentales invitados coincidieron en que \u201cEscritoEst\u00e1\u201d representa una plataforma valiosa para fortalecer la profesi\u00f3n period\u00edstica, difundir contenidos de inter\u00e9s p\u00fablico y dar voz a las diversas realidades regionales.<\/p>\n<p>La jornada concluy\u00f3 con las palabras de clausura de la Dra. Lara, quien reafirm\u00f3 el compromiso del Colegio de Periodistas del Per\u00fa con la promoci\u00f3n de un periodismo \u00e9tico, plural y profesional al servicio del pa\u00eds.<\/p>\n<\/div>\n<\/div>\n<\/div>\n<\/div>\n<\/div>\n<\/section>\n<\/div>\n<\/div>\n<\/div>\n<\/article>\n<\/div>\n<\/div>\n<p>[\/vc_column_text][\/vc_column][\/vc_row]<\/p>\n<\/div>","protected":false},"excerpt":{"rendered":"<p>[vc_row][vc_column][vc_column_text css=\u00bb\u00bb]Lima, 6 de septiembre de 2025. &#8211; El Colegio de Periodistas del Per\u00fa (CPP) present\u00f3 oficialmente su revista institucional \u201cEscritoEst\u00e1\u201d, una publicaci\u00f3n que busca consolidarse como un espacio de calidad editorial y gr\u00e1fica, orientado a la difusi\u00f3n de contenidos period\u00edsticos de inter\u00e9s nacional. La ceremonia de lanzamiento fue inaugurada por la decana nacional, Dra. [&hellip;]<\/p>\n","protected":false},"author":4,"featured_media":5462,"comment_status":"open","ping_status":"open","sticky":false,"template":"","format":"standard","meta":{"footnotes":""},"categories":[26],"tags":[],"class_list":["post-5461","post","type-post","status-publish","format-standard","has-post-thumbnail","hentry","category-nota-de-prensa"],"_links":{"self":[{"href":"https:\/\/cpp.pe\/cpp\/wp-json\/wp\/v2\/posts\/5461","targetHints":{"allow":["GET"]}}],"collection":[{"href":"https:\/\/cpp.pe\/cpp\/wp-json\/wp\/v2\/posts"}],"about":[{"href":"https:\/\/cpp.pe\/cpp\/wp-json\/wp\/v2\/types\/post"}],"author":[{"embeddable":true,"href":"https:\/\/cpp.pe\/cpp\/wp-json\/wp\/v2\/users\/4"}],"replies":[{"embeddable":true,"href":"https:\/\/cpp.pe\/cpp\/wp-json\/wp\/v2\/comments?post=5461"}],"version-history":[{"count":2,"href":"https:\/\/cpp.pe\/cpp\/wp-json\/wp\/v2\/posts\/5461\/revisions"}],"predecessor-version":[{"id":5464,"href":"https:\/\/cpp.pe\/cpp\/wp-json\/wp\/v2\/posts\/5461\/revisions\/5464"}],"wp:featuredmedia":[{"embeddable":true,"href":"https:\/\/cpp.pe\/cpp\/wp-json\/wp\/v2\/media\/5462"}],"wp:attachment":[{"href":"https:\/\/cpp.pe\/cpp\/wp-json\/wp\/v2\/media?parent=5461"}],"wp:term":[{"taxonomy":"category","embeddable":true,"href":"https:\/\/cpp.pe\/cpp\/wp-json\/wp\/v2\/categories?post=5461"},{"taxonomy":"post_tag","embeddable":true,"href":"https:\/\/cpp.pe\/cpp\/wp-json\/wp\/v2\/tags?post=5461"}],"curies":[{"name":"wp","href":"https:\/\/api.w.org\/{rel}","templated":true}]}}