{"id":5465,"date":"2025-08-14T11:47:23","date_gmt":"2025-08-14T16:47:23","guid":{"rendered":"https:\/\/cpp.pe\/cpp\/?p=5465"},"modified":"2025-10-23T15:14:43","modified_gmt":"2025-10-23T20:14:43","slug":"colegio-de-periodistas-del-peru-consolida-su-fondo-editorial-con-inscripcion-en-sunarp-y-apertura-de-cuenta-bancaria","status":"publish","type":"post","link":"https:\/\/cpp.pe\/cpp\/2025\/08\/14\/colegio-de-periodistas-del-peru-consolida-su-fondo-editorial-con-inscripcion-en-sunarp-y-apertura-de-cuenta-bancaria\/","title":{"rendered":"COLEGIO DE PERIODISTAS DEL PER\u00da CONSOLIDA SU FONDO EDITORIAL CON INSCRIPCI\u00d3N EN SUNARP Y APERTURA DE CUENTA BANCARIA"},"content":{"rendered":"<div class=\"wpb-content-wrapper\"><p>[vc_row][vc_column][vc_column_text css=\u00bb\u00bb]Lima, 14 de agosto de 2025. &#8211; El Colegio de Periodistas del Per\u00fa (CPP) contin\u00faa fortaleciendo su gesti\u00f3n institucional con la formalizaci\u00f3n de su Fondo Editorial, cuya inscripci\u00f3n ha sido regularizada ante la Superintendencia Nacional de los Registros P\u00fablicos (SUNARP) y que ahora cuenta con una cuenta bancaria exclusiva para su administraci\u00f3n.<\/p>\n<p>El Fondo Editorial del CPP es una plataforma que garantiza una mayor transparencia, autonom\u00eda y capacidad operativa para el desarrollo institucional, mediante un proceso de mejora continua.<\/p>\n<p>La inscripci\u00f3n ante SUNARP otorga seguridad jur\u00eddica a la gesti\u00f3n del fondo, mientras que la apertura de la cuenta bancaria permitir\u00e1 canalizar recursos, auspicios y aportes de manera ordenada, favoreciendo la sostenibilidad y proyecci\u00f3n de sus actividades.<\/p>\n<p>\u201cEste paso marca un hito en la historia de nuestro Colegio. No solo damos respaldo legal a nuestra labor, sino que creamos condiciones para crecer, innovar y aportar al debate p\u00fablico con un soporte de calidad\u201d, se\u00f1al\u00f3 la decana nacional del CPP, Dra. Karola Lara Manchego.<\/p>\n<p>Con esta iniciativa, el CPP reafirma su compromiso de fortalecimiento institucional de nuestra orden profesional. Adem\u00e1s de promover el respeto a la libertad de expresi\u00f3n, contribuyendo a la formaci\u00f3n de una ciudadan\u00eda informada y cr\u00edtica.[\/vc_column_text][\/vc_column][\/vc_row]<\/p>\n<\/div>","protected":false},"excerpt":{"rendered":"<p>[vc_row][vc_column][vc_column_text css=\u00bb\u00bb]Lima, 14 de agosto de 2025. &#8211; El Colegio de Periodistas del Per\u00fa (CPP) contin\u00faa fortaleciendo su gesti\u00f3n institucional con la formalizaci\u00f3n de su Fondo Editorial, cuya inscripci\u00f3n ha sido regularizada ante la Superintendencia Nacional de los Registros P\u00fablicos (SUNARP) y que ahora cuenta con una cuenta bancaria exclusiva para su administraci\u00f3n. El Fondo [&hellip;]<\/p>\n","protected":false},"author":4,"featured_media":5466,"comment_status":"open","ping_status":"open","sticky":false,"template":"","format":"standard","meta":{"footnotes":""},"categories":[26],"tags":[],"class_list":["post-5465","post","type-post","status-publish","format-standard","has-post-thumbnail","hentry","category-nota-de-prensa"],"_links":{"self":[{"href":"https:\/\/cpp.pe\/cpp\/wp-json\/wp\/v2\/posts\/5465","targetHints":{"allow":["GET"]}}],"collection":[{"href":"https:\/\/cpp.pe\/cpp\/wp-json\/wp\/v2\/posts"}],"about":[{"href":"https:\/\/cpp.pe\/cpp\/wp-json\/wp\/v2\/types\/post"}],"author":[{"embeddable":true,"href":"https:\/\/cpp.pe\/cpp\/wp-json\/wp\/v2\/users\/4"}],"replies":[{"embeddable":true,"href":"https:\/\/cpp.pe\/cpp\/wp-json\/wp\/v2\/comments?post=5465"}],"version-history":[{"count":1,"href":"https:\/\/cpp.pe\/cpp\/wp-json\/wp\/v2\/posts\/5465\/revisions"}],"predecessor-version":[{"id":5467,"href":"https:\/\/cpp.pe\/cpp\/wp-json\/wp\/v2\/posts\/5465\/revisions\/5467"}],"wp:featuredmedia":[{"embeddable":true,"href":"https:\/\/cpp.pe\/cpp\/wp-json\/wp\/v2\/media\/5466"}],"wp:attachment":[{"href":"https:\/\/cpp.pe\/cpp\/wp-json\/wp\/v2\/media?parent=5465"}],"wp:term":[{"taxonomy":"category","embeddable":true,"href":"https:\/\/cpp.pe\/cpp\/wp-json\/wp\/v2\/categories?post=5465"},{"taxonomy":"post_tag","embeddable":true,"href":"https:\/\/cpp.pe\/cpp\/wp-json\/wp\/v2\/tags?post=5465"}],"curies":[{"name":"wp","href":"https:\/\/api.w.org\/{rel}","templated":true}]}}