{"id":5468,"date":"2025-08-12T13:47:38","date_gmt":"2025-08-12T18:47:38","guid":{"rendered":"https:\/\/cpp.pe\/cpp\/?p=5468"},"modified":"2025-10-23T15:23:07","modified_gmt":"2025-10-23T20:23:07","slug":"comite-electoral-nacional-del-colegio-de-periodistas-del-peru-juramento-para-conducir-las-elecciones-2025","status":"publish","type":"post","link":"https:\/\/cpp.pe\/cpp\/2025\/08\/12\/comite-electoral-nacional-del-colegio-de-periodistas-del-peru-juramento-para-conducir-las-elecciones-2025\/","title":{"rendered":"COMIT\u00c9 ELECTORAL NACIONAL DEL COLEGIO DE PERIODISTAS DEL PER\u00da JURAMENT\u00d3 PARA CONDUCIR LAS ELECCIONES 2025"},"content":{"rendered":"<div class=\"wpb-content-wrapper\"><p>[vc_row][vc_column][vc_column_text css=\u00bb\u00bb]Lima, 12\u00a0 de agosto de 2025.- Ayer se realiz\u00f3 la juramentaci\u00f3n oficial del Comit\u00e9 Electoral Nacional del Colegio de Periodistas del Per\u00fa, encargado de conducir el proceso de Elecciones Generales programadas para el 26 de octubre de 2025 en todo el pa\u00eds. La ceremonia cont\u00f3 con la presencia de la decana nacional, Dra. Karola Lara Manchego, las directivas nacionales y los decanos departamentales.<\/p>\n<p>El Comit\u00e9 Electoral Nacional, designado mediante la Resoluci\u00f3n N.\u00b0 004-CDN\/CPP 2025, est\u00e1 conformado conforme al art\u00edculo 112\u00b0 del Estatuto de la Orden, por:<\/p>\n<p>Presidente: Efra\u00edn Pozo Sosa \u2013 Reg. N.\u00b0 045 (Cusco)<\/p>\n<p>Secretario: Jean Emanuel Pajuelo Barba \u2013 Reg. N\u00b0 4311 (Lima)<\/p>\n<p>Tesorero: Magno Luis Poma Henostroza \u2013 Reg. N\u00b0 01-223 (\u00c1ncash)<\/p>\n<p>Vocal: Audry Elizabeth Burgos Caramantin \u2013 Reg. N\u00b0 228 (La Libertad)<\/p>\n<p>Suplente: V\u00edctor Javier Berrospi Castillo \u2013 Reg. N\u00b0 057 (Hu\u00e1nuco)<\/p>\n<p>Los miembros juramentaron oficialmente y asumieron la responsabilidad de conducir el proceso electoral que renovar\u00e1 el Consejo Directivo Nacional y los Consejos Directivos Departamentales para el periodo 2026-2027.<\/p>\n<p>En la ceremonia, reafirmaron su compromiso con el Estatuto, el Reglamento de Elecciones, y los principios de transparencia, legalidad y fortalecimiento de la democracia interna del Colegio.<\/p>\n<p>Esta juramentaci\u00f3n da inicio formal a un proceso electoral que garantizar\u00e1 una votaci\u00f3n limpia, participativa y leg\u00edtima a nivel nacional.<\/p>\n<p>Con esta acci\u00f3n, se reafirma el compromiso de garantizar que las Elecciones Generales 2025 se desarrollen conforme a los m\u00e1s altos est\u00e1ndares \u00e9ticos y legales.[\/vc_column_text][\/vc_column][\/vc_row]<\/p>\n<\/div>","protected":false},"excerpt":{"rendered":"<p>[vc_row][vc_column][vc_column_text css=\u00bb\u00bb]Lima, 12\u00a0 de agosto de 2025.- Ayer se realiz\u00f3 la juramentaci\u00f3n oficial del Comit\u00e9 Electoral Nacional del Colegio de Periodistas del Per\u00fa, encargado de conducir el proceso de Elecciones Generales programadas para el 26 de octubre de 2025 en todo el pa\u00eds. La ceremonia cont\u00f3 con la presencia de la decana nacional, Dra. Karola [&hellip;]<\/p>\n","protected":false},"author":4,"featured_media":5472,"comment_status":"open","ping_status":"open","sticky":false,"template":"","format":"standard","meta":{"footnotes":""},"categories":[26],"tags":[],"class_list":["post-5468","post","type-post","status-publish","format-standard","has-post-thumbnail","hentry","category-nota-de-prensa"],"_links":{"self":[{"href":"https:\/\/cpp.pe\/cpp\/wp-json\/wp\/v2\/posts\/5468","targetHints":{"allow":["GET"]}}],"collection":[{"href":"https:\/\/cpp.pe\/cpp\/wp-json\/wp\/v2\/posts"}],"about":[{"href":"https:\/\/cpp.pe\/cpp\/wp-json\/wp\/v2\/types\/post"}],"author":[{"embeddable":true,"href":"https:\/\/cpp.pe\/cpp\/wp-json\/wp\/v2\/users\/4"}],"replies":[{"embeddable":true,"href":"https:\/\/cpp.pe\/cpp\/wp-json\/wp\/v2\/comments?post=5468"}],"version-history":[{"count":3,"href":"https:\/\/cpp.pe\/cpp\/wp-json\/wp\/v2\/posts\/5468\/revisions"}],"predecessor-version":[{"id":5471,"href":"https:\/\/cpp.pe\/cpp\/wp-json\/wp\/v2\/posts\/5468\/revisions\/5471"}],"wp:featuredmedia":[{"embeddable":true,"href":"https:\/\/cpp.pe\/cpp\/wp-json\/wp\/v2\/media\/5472"}],"wp:attachment":[{"href":"https:\/\/cpp.pe\/cpp\/wp-json\/wp\/v2\/media?parent=5468"}],"wp:term":[{"taxonomy":"category","embeddable":true,"href":"https:\/\/cpp.pe\/cpp\/wp-json\/wp\/v2\/categories?post=5468"},{"taxonomy":"post_tag","embeddable":true,"href":"https:\/\/cpp.pe\/cpp\/wp-json\/wp\/v2\/tags?post=5468"}],"curies":[{"name":"wp","href":"https:\/\/api.w.org\/{rel}","templated":true}]}}