{"id":5572,"date":"2025-11-16T21:35:21","date_gmt":"2025-11-17T02:35:21","guid":{"rendered":"https:\/\/cpp.pe\/cpp\/?p=5572"},"modified":"2025-11-16T21:36:19","modified_gmt":"2025-11-17T02:36:19","slug":"andres-zuniga-pimentel-es-proclamado-decano-nacional-electo-del-colegio-de-periodistas-del-peru","status":"publish","type":"post","link":"https:\/\/cpp.pe\/cpp\/2025\/11\/16\/andres-zuniga-pimentel-es-proclamado-decano-nacional-electo-del-colegio-de-periodistas-del-peru\/","title":{"rendered":"ANDR\u00c9S Z\u00da\u00d1IGA PIMENTEL ES PROCLAMADO DECANO NACIONAL ELECTO DEL COLEGIO DE PERIODISTAS DEL PER\u00da"},"content":{"rendered":"<div class=\"wpb-content-wrapper\"><p>[vc_row][vc_column][vc_column_text css=\u00bb\u00bb]Lima, 16 de noviembre de 2025.- El Comit\u00e9 Electoral Nacional del Colegio de Periodistas del Per\u00fa (CPP), presidido por el Dr. Efra\u00edn Pozo, proclam\u00f3 oficialmente a Andr\u00e9s Z\u00fa\u00f1iga Pimentel como Decano Nacional para el periodo 2026\u20132027, en una ceremonia realizada con total transparencia y amplia participaci\u00f3n de los miembros de la Orden.<\/p>\n<p>El proceso electoral fue supervisado \u00edntegramente por el Comit\u00e9 Electoral Nacional, conformado por Luis Poma (tesorero) y Audry Burgos (vocal), quienes garantizaron el estricto cumplimiento de la legalidad, la equidad y la normativa institucional.<\/p>\n<p>Durante la ceremonia, la decana saliente, Karola Lara, expres\u00f3 su saludo y felicitaciones al nuevo Consejo Directivo Nacional, destacando que este relevo representa una oportunidad para fortalecer el compromiso del CPP con un periodismo \u00e9tico, responsable y al servicio del pa\u00eds.<\/p>\n<p>El nuevo decano nacional asumir\u00e1 funciones el 1 de enero de 2026, dando inicio a una gesti\u00f3n orientada al fortalecimiento institucional, la defensa del ejercicio profesional y la promoci\u00f3n de la capacitaci\u00f3n continua de los periodistas peruanos.[\/vc_column_text][\/vc_column][\/vc_row]<\/p>\n<\/div>","protected":false},"excerpt":{"rendered":"<p>[vc_row][vc_column][vc_column_text css=\u00bb\u00bb]Lima, 16 de noviembre de 2025.- El Comit\u00e9 Electoral Nacional del Colegio de Periodistas del Per\u00fa (CPP), presidido por el Dr. Efra\u00edn Pozo, proclam\u00f3 oficialmente a Andr\u00e9s Z\u00fa\u00f1iga Pimentel como Decano Nacional para el periodo 2026\u20132027, en una ceremonia realizada con total transparencia y amplia participaci\u00f3n de los miembros de la Orden. El proceso [&hellip;]<\/p>\n","protected":false},"author":4,"featured_media":5573,"comment_status":"open","ping_status":"open","sticky":false,"template":"","format":"standard","meta":{"footnotes":""},"categories":[26],"tags":[],"class_list":["post-5572","post","type-post","status-publish","format-standard","has-post-thumbnail","hentry","category-nota-de-prensa"],"_links":{"self":[{"href":"https:\/\/cpp.pe\/cpp\/wp-json\/wp\/v2\/posts\/5572","targetHints":{"allow":["GET"]}}],"collection":[{"href":"https:\/\/cpp.pe\/cpp\/wp-json\/wp\/v2\/posts"}],"about":[{"href":"https:\/\/cpp.pe\/cpp\/wp-json\/wp\/v2\/types\/post"}],"author":[{"embeddable":true,"href":"https:\/\/cpp.pe\/cpp\/wp-json\/wp\/v2\/users\/4"}],"replies":[{"embeddable":true,"href":"https:\/\/cpp.pe\/cpp\/wp-json\/wp\/v2\/comments?post=5572"}],"version-history":[{"count":1,"href":"https:\/\/cpp.pe\/cpp\/wp-json\/wp\/v2\/posts\/5572\/revisions"}],"predecessor-version":[{"id":5574,"href":"https:\/\/cpp.pe\/cpp\/wp-json\/wp\/v2\/posts\/5572\/revisions\/5574"}],"wp:featuredmedia":[{"embeddable":true,"href":"https:\/\/cpp.pe\/cpp\/wp-json\/wp\/v2\/media\/5573"}],"wp:attachment":[{"href":"https:\/\/cpp.pe\/cpp\/wp-json\/wp\/v2\/media?parent=5572"}],"wp:term":[{"taxonomy":"category","embeddable":true,"href":"https:\/\/cpp.pe\/cpp\/wp-json\/wp\/v2\/categories?post=5572"},{"taxonomy":"post_tag","embeddable":true,"href":"https:\/\/cpp.pe\/cpp\/wp-json\/wp\/v2\/tags?post=5572"}],"curies":[{"name":"wp","href":"https:\/\/api.w.org\/{rel}","templated":true}]}}