{"id":5639,"date":"2025-12-05T22:55:11","date_gmt":"2025-12-06T03:55:11","guid":{"rendered":"https:\/\/cpp.pe\/cpp\/?p=5639"},"modified":"2025-12-05T22:55:11","modified_gmt":"2025-12-06T03:55:11","slug":"andres-zuniga-pimentel-es-proclamado-decano-nacional-electo-del-colegio-de-periodistas-del-peru-2","status":"publish","type":"post","link":"https:\/\/cpp.pe\/cpp\/2025\/12\/05\/andres-zuniga-pimentel-es-proclamado-decano-nacional-electo-del-colegio-de-periodistas-del-peru-2\/","title":{"rendered":"ANDR\u00c9S Z\u00da\u00d1IGA PIMENTEL ES PROCLAMADO DECANO NACIONAL ELECTO DEL COLEGIO DE PERIODISTAS DEL PER\u00da"},"content":{"rendered":"<div class=\"wpb-content-wrapper\"><p>[vc_row][vc_column][vc_column_text css=\u00bb\u00bb]Lima, 5 de diciembre de 2025.\u2013 En una ceremonia institucional realizada en la sede del Colegio de Periodistas del Per\u00fa (CPP), el presidente del Comit\u00e9 Electoral Nacional, Dr. Efra\u00edn Pozo Sosa, hizo entrega de las credenciales oficiales al Consejo Directivo Nacional electo para el periodo 2026-2027, acto que marca el inicio de la etapa de transici\u00f3n hacia la nueva gesti\u00f3n.<\/p>\n<p>Durante su intervenci\u00f3n, el Dr. Pozo Sosa destac\u00f3 la transparencia y el desarrollo ordenado del proceso electoral llevado a cabo en todos los departamentos del pa\u00eds, as\u00ed como la participaci\u00f3n activa de las y los colegas que reafirmaron su compromiso con la institucionalidad del CPP.<\/p>\n<p>Posteriormente, se procedi\u00f3 a la entrega de credenciales al decano nacional electo, Andr\u00e9s Z\u00fa\u00f1iga, junto a los integrantes del Consejo Directivo Nacional: Fernando Huam\u00e1n, segundo vicedecano nacional electo; Stephanie Pinedo, directora secretaria nacional; Jos\u00e9 Basurto, director nacional de Econom\u00eda, Administraci\u00f3n y Finanzas; Juan Manuel Reyes, director nacional de Comunicaciones y Publicaciones; y Lizzet Paz, directora de Coordinaci\u00f3n Departamental.[\/vc_column_text][\/vc_column][\/vc_row]<\/p>\n<\/div>","protected":false},"excerpt":{"rendered":"<p>[vc_row][vc_column][vc_column_text css=\u00bb\u00bb]Lima, 5 de diciembre de 2025.\u2013 En una ceremonia institucional realizada en la sede del Colegio de Periodistas del Per\u00fa (CPP), el presidente del Comit\u00e9 Electoral Nacional, Dr. Efra\u00edn Pozo Sosa, hizo entrega de las credenciales oficiales al Consejo Directivo Nacional electo para el periodo 2026-2027, acto que marca el inicio de la etapa [&hellip;]<\/p>\n","protected":false},"author":4,"featured_media":5640,"comment_status":"open","ping_status":"open","sticky":false,"template":"","format":"standard","meta":{"footnotes":""},"categories":[26],"tags":[],"class_list":["post-5639","post","type-post","status-publish","format-standard","has-post-thumbnail","hentry","category-nota-de-prensa"],"_links":{"self":[{"href":"https:\/\/cpp.pe\/cpp\/wp-json\/wp\/v2\/posts\/5639","targetHints":{"allow":["GET"]}}],"collection":[{"href":"https:\/\/cpp.pe\/cpp\/wp-json\/wp\/v2\/posts"}],"about":[{"href":"https:\/\/cpp.pe\/cpp\/wp-json\/wp\/v2\/types\/post"}],"author":[{"embeddable":true,"href":"https:\/\/cpp.pe\/cpp\/wp-json\/wp\/v2\/users\/4"}],"replies":[{"embeddable":true,"href":"https:\/\/cpp.pe\/cpp\/wp-json\/wp\/v2\/comments?post=5639"}],"version-history":[{"count":1,"href":"https:\/\/cpp.pe\/cpp\/wp-json\/wp\/v2\/posts\/5639\/revisions"}],"predecessor-version":[{"id":5643,"href":"https:\/\/cpp.pe\/cpp\/wp-json\/wp\/v2\/posts\/5639\/revisions\/5643"}],"wp:featuredmedia":[{"embeddable":true,"href":"https:\/\/cpp.pe\/cpp\/wp-json\/wp\/v2\/media\/5640"}],"wp:attachment":[{"href":"https:\/\/cpp.pe\/cpp\/wp-json\/wp\/v2\/media?parent=5639"}],"wp:term":[{"taxonomy":"category","embeddable":true,"href":"https:\/\/cpp.pe\/cpp\/wp-json\/wp\/v2\/categories?post=5639"},{"taxonomy":"post_tag","embeddable":true,"href":"https:\/\/cpp.pe\/cpp\/wp-json\/wp\/v2\/tags?post=5639"}],"curies":[{"name":"wp","href":"https:\/\/api.w.org\/{rel}","templated":true}]}}