{"id":5653,"date":"2025-12-07T15:17:38","date_gmt":"2025-12-07T20:17:38","guid":{"rendered":"https:\/\/cpp.pe\/cpp\/?p=5653"},"modified":"2025-12-07T15:17:38","modified_gmt":"2025-12-07T20:17:38","slug":"transparencia-unidad-y-acuerdos-clave-marcaron-la-asamblea-nacional-del-colegio-de-periodistas-del-peru","status":"publish","type":"post","link":"https:\/\/cpp.pe\/cpp\/2025\/12\/07\/transparencia-unidad-y-acuerdos-clave-marcaron-la-asamblea-nacional-del-colegio-de-periodistas-del-peru\/","title":{"rendered":"TRANSPARENCIA, UNIDAD Y ACUERDOS CLAVE MARCARON LA ASAMBLEA NACIONAL DEL COLEGIO DE PERIODISTAS DEL PER\u00da"},"content":{"rendered":"<div class=\"wpb-content-wrapper\"><p>[vc_row][vc_column][vc_column_text css=\u00bb\u00bb]Lima, 7 de diciembre de 2025.\u2013 El Colegio de Periodistas del Per\u00fa (CPP) llev\u00f3 a cabo la II Asamblea Ordinaria Nacional, una jornada clave para la evaluaci\u00f3n de la gesti\u00f3n institucional, la rendici\u00f3n de cuentas y la adopci\u00f3n de acuerdos trascendentes para el fortalecimiento de la orden profesional a nivel nacional.<\/p>\n<p>La sesi\u00f3n fue iniciada por Guido Duarte, presidente del Tribunal de Honor, quien present\u00f3 un informe detallado sobre los casos tramitados durante el periodo, as\u00ed como un balance de las resoluciones emitidas. Su exposici\u00f3n marc\u00f3 el inicio de un espacio de di\u00e1logo, an\u00e1lisis y reafirmaci\u00f3n de los principios \u00e9ticos que rigen la profesi\u00f3n.<br \/>\nPosteriormente, el asesor legal del CPP, H\u00e9ctor Melgar, inform\u00f3 sobre el estado actual de los procesos judiciales en curso, explicando con claridad su evoluci\u00f3n y las estrategias institucionales adoptadas para su adecuada conducci\u00f3n.<br \/>\nUno de los puntos centrales de la asamblea fue la presentaci\u00f3n del informe econ\u00f3mico, a cargo de Miguel De la Cruz, quien expuso con total transparencia la situaci\u00f3n financiera de la instituci\u00f3n, destacando la correcta administraci\u00f3n de los recursos y el cumplimiento de los compromisos asumidos durante la gesti\u00f3n.<\/p>\n<p>A su turno, Mar\u00eda del Pilar S\u00e1nchez, directora Nacional de Responsabilidad Social, sustent\u00f3 la importancia del Fondo Mutual de Periodistas, un mecanismo orientado a la protecci\u00f3n y bienestar de los miembros de la orden. Asimismo, destac\u00f3 la propuesta del anteproyecto de ley para la recuperaci\u00f3n del 1 %, as\u00ed como el documento presentado para la pronta firma de un convenio con los programas Techo Propio y Mi Vivienda.<\/p>\n<p>Su propuesta fue debatida y finalmente aprobada por unanimidad, consolid\u00e1ndose como un avance significativo en la pol\u00edtica de apoyo institucional. Un paso hist\u00f3rico despu\u00e9s de 40 a\u00f1os.<\/p>\n<p>En la parte final de la jornada, la decana nacional, Karola Lara, present\u00f3 un an\u00e1lisis detallado del reciente proceso electoral, destacando la participaci\u00f3n activa de los colegiados, el n\u00famero de votos emitidos y los datos relevantes del acto democr\u00e1tico. Asimismo, expuso la memoria de gesti\u00f3n, documento que resume los principales hechos, actividades y logros alcanzados durante su periodo. Dicho informe fue compartido en formato digital, reafirmando el compromiso con la transparencia.<\/p>\n<p>Durante su intervenci\u00f3n, la decana nacional tambi\u00e9n reconoci\u00f3 el trabajo de los decanos departamentales y directivos nacionales, agradeciendo su dedicaci\u00f3n y aporte al fortalecimiento institucional.<\/p>\n<p>La II Asamblea Ordinaria Nacional reafirma la unidad del Colegio de Periodistas del Per\u00fa y su compromiso con la \u00e9tica, la transparencia y el desarrollo profesional de todos sus integrantes.[\/vc_column_text][\/vc_column][\/vc_row]<\/p>\n<\/div>","protected":false},"excerpt":{"rendered":"<p>[vc_row][vc_column][vc_column_text css=\u00bb\u00bb]Lima, 7 de diciembre de 2025.\u2013 El Colegio de Periodistas del Per\u00fa (CPP) llev\u00f3 a cabo la II Asamblea Ordinaria Nacional, una jornada clave para la evaluaci\u00f3n de la gesti\u00f3n institucional, la rendici\u00f3n de cuentas y la adopci\u00f3n de acuerdos trascendentes para el fortalecimiento de la orden profesional a nivel nacional. La sesi\u00f3n fue [&hellip;]<\/p>\n","protected":false},"author":4,"featured_media":5654,"comment_status":"open","ping_status":"open","sticky":false,"template":"","format":"standard","meta":{"footnotes":""},"categories":[26],"tags":[],"class_list":["post-5653","post","type-post","status-publish","format-standard","has-post-thumbnail","hentry","category-nota-de-prensa"],"_links":{"self":[{"href":"https:\/\/cpp.pe\/cpp\/wp-json\/wp\/v2\/posts\/5653","targetHints":{"allow":["GET"]}}],"collection":[{"href":"https:\/\/cpp.pe\/cpp\/wp-json\/wp\/v2\/posts"}],"about":[{"href":"https:\/\/cpp.pe\/cpp\/wp-json\/wp\/v2\/types\/post"}],"author":[{"embeddable":true,"href":"https:\/\/cpp.pe\/cpp\/wp-json\/wp\/v2\/users\/4"}],"replies":[{"embeddable":true,"href":"https:\/\/cpp.pe\/cpp\/wp-json\/wp\/v2\/comments?post=5653"}],"version-history":[{"count":1,"href":"https:\/\/cpp.pe\/cpp\/wp-json\/wp\/v2\/posts\/5653\/revisions"}],"predecessor-version":[{"id":5655,"href":"https:\/\/cpp.pe\/cpp\/wp-json\/wp\/v2\/posts\/5653\/revisions\/5655"}],"wp:featuredmedia":[{"embeddable":true,"href":"https:\/\/cpp.pe\/cpp\/wp-json\/wp\/v2\/media\/5654"}],"wp:attachment":[{"href":"https:\/\/cpp.pe\/cpp\/wp-json\/wp\/v2\/media?parent=5653"}],"wp:term":[{"taxonomy":"category","embeddable":true,"href":"https:\/\/cpp.pe\/cpp\/wp-json\/wp\/v2\/categories?post=5653"},{"taxonomy":"post_tag","embeddable":true,"href":"https:\/\/cpp.pe\/cpp\/wp-json\/wp\/v2\/tags?post=5653"}],"curies":[{"name":"wp","href":"https:\/\/api.w.org\/{rel}","templated":true}]}}