{"id":5765,"date":"2026-01-10T21:27:20","date_gmt":"2026-01-11T02:27:20","guid":{"rendered":"https:\/\/cpp.pe\/cpp\/?p=5765"},"modified":"2026-01-10T21:27:20","modified_gmt":"2026-01-11T02:27:20","slug":"andres-zuniga-juro-como-decano-nacional-para-el-periodo-2026-2027-y-anuncio-agenda-de-reformas","status":"publish","type":"post","link":"https:\/\/cpp.pe\/cpp\/2026\/01\/10\/andres-zuniga-juro-como-decano-nacional-para-el-periodo-2026-2027-y-anuncio-agenda-de-reformas\/","title":{"rendered":"ANDR\u00c9S Z\u00da\u00d1IGA JUR\u00d3 COMO DECANO NACIONAL PARA EL PERIODO 2026\u20132027 Y ANUNCI\u00d3 AGENDA DE REFORMAS"},"content":{"rendered":"<div class=\"wpb-content-wrapper\"><p>[vc_row][vc_column][vc_column_text css=\u00bb\u00bb]Lima,10 de enero de 2026.\u2013 Andr\u00e9s Z\u00fa\u00f1iga asumi\u00f3 hoy la Decanatura Nacional para el periodo 2026\u20132027, tras ser elegido mediante el voto de periodistas colegiados a nivel nacional.<\/p>\n<p>En su discurso de juramentaci\u00f3n, Z\u00fa\u00f1iga agradeci\u00f3 el respaldo recibido en las elecciones y se\u00f1al\u00f3 que la nueva conducci\u00f3n impulsar\u00e1 una agenda de defensa profesional orientada a la protecci\u00f3n del ejercicio period\u00edstico y a la actualizaci\u00f3n institucional.<\/p>\n<p>El decano nacional expres\u00f3, adem\u00e1s, su preocupaci\u00f3n por el incremento de agresiones contra la prensa. Indic\u00f3 que el \u00faltimo a\u00f1o cerr\u00f3 con cuatro periodistas asesinados y 458 ataques documentados, y exigi\u00f3 al Estado acciones concretas para evitar la impunidad. \u201cDefender al periodista profesional es defender el derecho de la ciudadan\u00eda a recibir informaci\u00f3n veraz\u201d, sostuvo.<br \/>\nFinalmente, Z\u00fa\u00f1iga anunci\u00f3 que se dar\u00e1 atenci\u00f3n prioritaria a los periodistas adultos mayores y que se fortalecer\u00e1n los mecanismos de respaldo ante situaciones de riesgo. \u201cQue esta gesti\u00f3n sea recordada no por los cargos que ocupamos, sino por la dignidad que defendimos, la libertad que protegimos y el prestigio que le devolvimos al periodismo peruano\u201d, concluy\u00f3.<\/p>\n<p>El nuevo Consejo Directivo Nacional est\u00e1 integrado por Flor Elizabeth Mu\u00f1oz Apaza, primera vicedecana nacional; Fernando Lino Huam\u00e1n Espinoza, segundo vicedecano nacional; Stephanie Jazm\u00edn de Lourdes Pinedo Amenero, directora secretaria nacional; Jos\u00e9 Carlos Basurto Amaro, director nacional de Econom\u00eda, Administraci\u00f3n y Finanzas; Carlos Prieto Campos, director nacional de Actividades Profesionales y Acad\u00e9micas; Samuel Vilca Vilca, director nacional de Responsabilidad Social; Juan Manuel Reyes Castillo, director nacional de Comunicaciones y Publicaciones; y Lizzet Gheraldine Paz Quispe, directora nacional de Coordinaci\u00f3n Departamental.<\/p>\n<p>Durante la ceremonia tambi\u00e9n se jurament\u00f3 al Tribunal de Honor Nacional, integrado por Tony Yhon Machaca L\u00f3pez (presidente), Carlos Santos Ordo\u00f1ez Berrospi (secretario) y Carmen Dora Garrido D\u00edaz (vocal). Asimismo, juraron los presidentes de las comisiones para el periodo 2026\u20132027: Flor Elizabeth Mu\u00f1oz Apaza (Comisi\u00f3n de Libertad de Expresi\u00f3n), Stephanie Jazm\u00edn de Lourdes Pinedo Amenero (Comisi\u00f3n de Colegiaci\u00f3n Nacional), Fernando Lino Huam\u00e1n Espinoza (Comisi\u00f3n de Responsabilidad Social Nacional), El\u00edas Gustavo Salazar Isla (Comisi\u00f3n de Defensa Profesional Nacional) y Oscar Douglas Or\u00e9 Coronado (Comisi\u00f3n de Relaciones Exteriores).[\/vc_column_text][\/vc_column][\/vc_row]<\/p>\n<\/div>","protected":false},"excerpt":{"rendered":"<p>[vc_row][vc_column][vc_column_text css=\u00bb\u00bb]Lima,10 de enero de 2026.\u2013 Andr\u00e9s Z\u00fa\u00f1iga asumi\u00f3 hoy la Decanatura Nacional para el periodo 2026\u20132027, tras ser elegido mediante el voto de periodistas colegiados a nivel nacional. En su discurso de juramentaci\u00f3n, Z\u00fa\u00f1iga agradeci\u00f3 el respaldo recibido en las elecciones y se\u00f1al\u00f3 que la nueva conducci\u00f3n impulsar\u00e1 una agenda de defensa profesional orientada [&hellip;]<\/p>\n","protected":false},"author":4,"featured_media":5766,"comment_status":"open","ping_status":"open","sticky":false,"template":"","format":"standard","meta":{"footnotes":""},"categories":[26],"tags":[],"class_list":["post-5765","post","type-post","status-publish","format-standard","has-post-thumbnail","hentry","category-nota-de-prensa"],"_links":{"self":[{"href":"https:\/\/cpp.pe\/cpp\/wp-json\/wp\/v2\/posts\/5765","targetHints":{"allow":["GET"]}}],"collection":[{"href":"https:\/\/cpp.pe\/cpp\/wp-json\/wp\/v2\/posts"}],"about":[{"href":"https:\/\/cpp.pe\/cpp\/wp-json\/wp\/v2\/types\/post"}],"author":[{"embeddable":true,"href":"https:\/\/cpp.pe\/cpp\/wp-json\/wp\/v2\/users\/4"}],"replies":[{"embeddable":true,"href":"https:\/\/cpp.pe\/cpp\/wp-json\/wp\/v2\/comments?post=5765"}],"version-history":[{"count":1,"href":"https:\/\/cpp.pe\/cpp\/wp-json\/wp\/v2\/posts\/5765\/revisions"}],"predecessor-version":[{"id":5767,"href":"https:\/\/cpp.pe\/cpp\/wp-json\/wp\/v2\/posts\/5765\/revisions\/5767"}],"wp:featuredmedia":[{"embeddable":true,"href":"https:\/\/cpp.pe\/cpp\/wp-json\/wp\/v2\/media\/5766"}],"wp:attachment":[{"href":"https:\/\/cpp.pe\/cpp\/wp-json\/wp\/v2\/media?parent=5765"}],"wp:term":[{"taxonomy":"category","embeddable":true,"href":"https:\/\/cpp.pe\/cpp\/wp-json\/wp\/v2\/categories?post=5765"},{"taxonomy":"post_tag","embeddable":true,"href":"https:\/\/cpp.pe\/cpp\/wp-json\/wp\/v2\/tags?post=5765"}],"curies":[{"name":"wp","href":"https:\/\/api.w.org\/{rel}","templated":true}]}}