{"id":5929,"date":"2026-01-27T15:26:47","date_gmt":"2026-01-27T20:26:47","guid":{"rendered":"https:\/\/cpp.pe\/cpp\/?p=5929"},"modified":"2026-01-28T08:59:39","modified_gmt":"2026-01-28T13:59:39","slug":"denuncian-en-webinar-identidades-de-los-asesinos-de-uchuraccay","status":"publish","type":"post","link":"https:\/\/cpp.pe\/cpp\/2026\/01\/27\/denuncian-en-webinar-identidades-de-los-asesinos-de-uchuraccay\/","title":{"rendered":"\u00a1REVELAN EN WEBINAR LAS IDENTIDADES DE LOS ASESINOS DE UCHURACCAY!"},"content":{"rendered":"<div class=\"wpb-content-wrapper\"><p>[vc_row][vc_column][vc_column_text css=\u00bb\u00bb]<\/p>\n<h2><strong>Periodista Luis Morales Ortega es el noveno m\u00e1rtir de Uchuraccay<\/strong><\/h2>\n<h4 style=\"text-align: justify;\"><span style=\"color: #000000;\"><strong>Revelaciones directas sobre los nombres de los militares que instruyeron y ordenaron a los comuneros de Uchuraccay a dar muerte a todos los que llegasen por tierra y que estos ejecutaron dando muerte a pedradas y machetazos a los 8 periodistas, a su gu\u00eda y a un comunero, fueron hechas en la webinar del Colegio de Periodistas del Per\u00fa (CPP) realizada este lunes 26 de enero con motivo de la conmemoraci\u00f3n del 43 aniversario de la matanza a\u00fan impune de los hombres de prensa.<\/strong><\/span><\/h4>\n<h4 style=\"text-align: justify;\"><span style=\"color: #000000;\"><strong>Las intervenciones\u00a0 en la webinar estuvieron a cargo de los periodistas colegiados V\u00edctor Alvarado Salazar, Mario Cueto C\u00e1rdenas y Jos\u00e9 Mar\u00eda \u201cChema\u201d Salcedo, bajo la conducci\u00f3n, en calidad de moderador, del decano nacional, Andr\u00e9s Zu\u00f1iga Pimental.<\/strong><\/span><\/h4>\n<h4 style=\"text-align: justify;\"><span style=\"color: #000000;\"><strong>Alvarado se\u00f1al\u00f3 por sus nombres en orden de responsabilidad al entonces jefe del Servicio de Inteligencia Nacional- SIN, contralmirante AP Juan Bergelund Remy; el segundo jefe del SIN, capit\u00e1n de nav\u00edo AP De Izcue; el tercer jefe del SIN, general PIP, H\u00e9rcules Marthans Garro; el jefe de la zona de emergencia de Huanta, capit\u00e1n de corbeta Duff\u00f3.<\/strong><\/span><\/h4>\n<h4 style=\"text-align: justify;\"><span style=\"color: #000000;\"><strong>Todos ellos fueron destituidos por el entonces presidente, Fernando Bela\u00fande Terry, luego de que le exigiera explicaciones a Bergelund ante la conmoci\u00f3n internacional\u00a0 provocada por la matanza y este la confesara que las muertes fueron ejecutadas por comuneros integrantes del comit\u00e9 de autodefensa entrenados e instruidos por los infantes de marina y los sinchis de la GC, adscrito a la zona de emergencia de Huanta.<\/strong><\/span><\/h4>\n<h4 style=\"text-align: justify;\"><span style=\"color: #000000;\"><strong>Belaunde, agreg\u00f3 Alvarado, lejos de poner a los marinos en manos del Ministerio P\u00fablico, procedi\u00f3 a encubrirlos, encargando la investigaci\u00f3n a la Comisi\u00f3n Vargas Llosa, la que concluy\u00f3 que los responsables de las muertes eran los comuneros, y que si hab\u00eda alguna responsabilidad esta deb\u00eda ser asumida por los militares responsable del comit\u00e9 pol\u00edtico militar de Ayacucho, jefaturado por el general Clemente Noel.<\/strong><\/span><\/h4>\n<h4 style=\"text-align: justify;\"><span style=\"color: #000000;\"><strong>Las conclusiones de la comisi\u00f3n Vargas Llosa fueron copiadas por el juez Juan Flores Rojas, qui\u00e9n sentenci\u00f3 a penas de entre 6 y a\u00f1os de c\u00e1rcel a dirigentes comuneros de Uchuraccay Celestino Ccente Ccenhua, Alejandro Huam\u00e1n y Luciano Gavil\u00e1n<\/strong><\/span><\/h4>\n<h4 style=\"text-align: justify;\"><span style=\"color: #000000;\"><strong>Alvarado destac\u00f3 que la revelaci\u00f3n de los nombres de los militares responsables de la matanza de Uchuraccay, incre\u00edblemente, fueron divulgadas por primera vez en 1984, por el semanario Kausachum y reveladas hasta 4 veces m\u00e1s a lo largo de 40 a\u00f1os, sin\u00a0 que se haya reabierto la investigaci\u00f3n cerrada por una sentencia que conden\u00f3 a 3 comuneros, uno de los cuales muri\u00f3 en prisi\u00f3n.<\/strong><\/span><\/h4>\n<h4 style=\"text-align: justify;\"><span style=\"color: #000000;\"><strong>Ante una pregunta respecto si era cierto que los periodistas al llegar a Uchuraccay portaban una bandera roja, Alvarado agradeci\u00f3 la pregunta porque permite aclarar el rol de lo que \u00e9l llama el \u201cnoveno m\u00e1rtir\u201d de Uchuraccay,\u00a0 el periodista Luis Morales Ortega, quien en su condici\u00f3n de quechuahablante entrevist\u00f3 in situ a cinco comuneros que hab\u00eda participado en el asesinato y entierro de los periodistas.<\/strong><\/span><\/h4>\n<h4 style=\"text-align: justify;\"><span style=\"color: #000000;\"><strong>Estos la confesaron a Ortega que los periodistas no tra\u00edan bandera roja y que esto fue un consejo de \u00faltima hora que recibieron de los uniformados instructores del comit\u00e9 de autodefensa.<\/strong><\/span><\/h4>\n<h4 style=\"text-align: justify;\"><span style=\"color: #000000;\"><strong>Los comuneros entrevistados por Morales le confesaron que un d\u00eda antes de la llegada de los periodistas, los infantes y los sinchis les visitaron para ordenarles que dieran muerte a todos los que lleguen por tierra y que solo recibiesen a los que arribasen por aire, l\u00e9ase por helic\u00f3ptero.<\/strong><\/span><\/h4>\n<h4 style=\"text-align: justify;\"><span style=\"color: #000000;\"><strong>Morales, periodista corresponsal entonces del Diario de Marka de Lima, por hacer estas revelaciones de los comuneros, fue objeto reiteradas\u00a0 amenazas de muerte, que lo obligaron a emigrar a Lima con su esposa y 4 hijos, donde residieron en el lapso de 1984- 1990.<\/strong><\/span><\/h4>\n<h4 style=\"text-align: justify;\"><span style=\"color: #000000;\"><strong>El ascenso al gobierno de Alberto Fujimori en 1990 le hizo creer a Morales estar\u00eda marcando el retorno de la seguridad y regres\u00f3 a Ayacucho.<\/strong><\/span><\/h4>\n<h4 style=\"text-align: justify;\"><span style=\"color: #000000;\"><strong>El 13 de julio de 1991, mientras e dirig\u00eda a la plaza de armas fue emboscado por dos sujetos y objeto de tres balazos que lo derrumbaron el piso y rematado de otros 2 balazos en la cabeza.<\/strong><\/span><\/h4>\n<h4 style=\"text-align: justify;\"><span style=\"color: #000000;\"><strong>El periodista Alvarado subray\u00f3 que Morales era, sin duda, el noveno m\u00e1rtir de Uchuraccay y que su efigie deber\u00eda permanecen junto a las de los 8 martires en todas las galer\u00edas de homenaje creadas en homenaje a nuestros hombres asesinados.<\/strong><\/span><\/h4>\n<p style=\"text-align: left;\"><!--more--><\/p>\n<p><!--more-->[\/vc_column_text][\/vc_column][\/vc_row]<\/p>\n<\/div>","protected":false},"excerpt":{"rendered":"<p>[vc_row][vc_column][vc_column_text css=\u00bb\u00bb] Periodista Luis Morales Ortega es el noveno m\u00e1rtir de Uchuraccay Revelaciones directas sobre los nombres de los militares que instruyeron y ordenaron a los comuneros de Uchuraccay a dar muerte a todos los que llegasen por tierra y que estos ejecutaron dando muerte a pedradas y machetazos a los 8 periodistas, a su [&hellip;]<\/p>\n","protected":false},"author":4,"featured_media":5930,"comment_status":"open","ping_status":"open","sticky":false,"template":"","format":"standard","meta":{"footnotes":""},"categories":[26],"tags":[],"class_list":["post-5929","post","type-post","status-publish","format-standard","has-post-thumbnail","hentry","category-nota-de-prensa"],"_links":{"self":[{"href":"https:\/\/cpp.pe\/cpp\/wp-json\/wp\/v2\/posts\/5929","targetHints":{"allow":["GET"]}}],"collection":[{"href":"https:\/\/cpp.pe\/cpp\/wp-json\/wp\/v2\/posts"}],"about":[{"href":"https:\/\/cpp.pe\/cpp\/wp-json\/wp\/v2\/types\/post"}],"author":[{"embeddable":true,"href":"https:\/\/cpp.pe\/cpp\/wp-json\/wp\/v2\/users\/4"}],"replies":[{"embeddable":true,"href":"https:\/\/cpp.pe\/cpp\/wp-json\/wp\/v2\/comments?post=5929"}],"version-history":[{"count":10,"href":"https:\/\/cpp.pe\/cpp\/wp-json\/wp\/v2\/posts\/5929\/revisions"}],"predecessor-version":[{"id":5940,"href":"https:\/\/cpp.pe\/cpp\/wp-json\/wp\/v2\/posts\/5929\/revisions\/5940"}],"wp:featuredmedia":[{"embeddable":true,"href":"https:\/\/cpp.pe\/cpp\/wp-json\/wp\/v2\/media\/5930"}],"wp:attachment":[{"href":"https:\/\/cpp.pe\/cpp\/wp-json\/wp\/v2\/media?parent=5929"}],"wp:term":[{"taxonomy":"category","embeddable":true,"href":"https:\/\/cpp.pe\/cpp\/wp-json\/wp\/v2\/categories?post=5929"},{"taxonomy":"post_tag","embeddable":true,"href":"https:\/\/cpp.pe\/cpp\/wp-json\/wp\/v2\/tags?post=5929"}],"curies":[{"name":"wp","href":"https:\/\/api.w.org\/{rel}","templated":true}]}}