{"id":5941,"date":"2026-01-24T09:56:43","date_gmt":"2026-01-24T14:56:43","guid":{"rendered":"https:\/\/cpp.pe\/cpp\/?p=5941"},"modified":"2026-01-29T08:44:19","modified_gmt":"2026-01-29T13:44:19","slug":"colegio-de-periodistas-recibe-60-ejemplares-de-el-senor-de-los-incendios-obra-clave-sobre-el-limazo-de-1975","status":"publish","type":"post","link":"https:\/\/cpp.pe\/cpp\/2026\/01\/24\/colegio-de-periodistas-recibe-60-ejemplares-de-el-senor-de-los-incendios-obra-clave-sobre-el-limazo-de-1975\/","title":{"rendered":"COLEGIO DE PERIODISTAS DEL PER\u00da RECIBE 60 EJEMPLARES DE \u201cEL SE\u00d1OR DE LOS INCENDIOS\u201d, OBRA CLAVE SOBRE EL LIMAZO DE 1975"},"content":{"rendered":"<div class=\"wpb-content-wrapper\"><p>[vc_row][vc_column][vc_column_text css=\u00bb\u00bb]Lima, 24 de enero de 2026.- El decano nacional del Colegio de Periodistas del Per\u00fa, Andr\u00e9s Zu\u00f1iga, agradeci\u00f3 la donaci\u00f3n de 60 ejemplares del libro \u00abEl Se\u00f1or de los Incendios: 5 de febrero de 1975. La \u00faltima insurrecci\u00f3n del APRA\u00bb, del historiador Elmer Ol\u00f3rtegui Ram\u00edrez. La entrega fortalece la biblioteca institucional con un texto de investigaci\u00f3n que busca desentra\u00f1ar uno de los episodios m\u00e1s violentos de la historia reciente.<\/p>\n<p>Editados en 2001, estos ejemplares detallan la huelga policial que paraliz\u00f3 Lima y Callao aquel d\u00eda, desatando saqueos e incendios; convulsi\u00f3n que dej\u00f3 m\u00e1s de 100 muertos en lo que se conoci\u00f3 como el \u201cLimazo\u201d. Ol\u00f3rtegui Ram\u00edrez sostiene, con testimonios y documentos, que el APRA orquest\u00f3 esta revuelta como golpe final contra el gobierno militar de Juan Velasco Alvarado, cuestionando versiones oficiales y exponiendo, seg\u00fan su versi\u00f3n, el rol partidario en la desestabilizaci\u00f3n.<\/p>\n<p>\u201cEsta donaci\u00f3n enriquece nuestro acervo y convoca a periodistas a revisitar el pasado con rigor, entendiendo c\u00f3mo las crisis sociales y pol\u00edticas demandan un periodismo valiente y \u00e9tico\u201d, afirm\u00f3 Zu\u00f1iga. El libro se perfila como herramienta indispensable para colegiados y estudiantes, al modelar investigaciones profundas que iluminan la memoria nacional y el deber informativo en tiempos turbulentos.[\/vc_column_text][\/vc_column][\/vc_row]<\/p>\n<\/div>","protected":false},"excerpt":{"rendered":"<p>[vc_row][vc_column][vc_column_text css=\u00bb\u00bb]Lima, 24 de enero de 2026.- El decano nacional del Colegio de Periodistas del Per\u00fa, Andr\u00e9s Zu\u00f1iga, agradeci\u00f3 la donaci\u00f3n de 60 ejemplares del libro \u00abEl Se\u00f1or de los Incendios: 5 de febrero de 1975. La \u00faltima insurrecci\u00f3n del APRA\u00bb, del historiador Elmer Ol\u00f3rtegui Ram\u00edrez. La entrega fortalece la biblioteca institucional con un texto [&hellip;]<\/p>\n","protected":false},"author":4,"featured_media":5947,"comment_status":"open","ping_status":"open","sticky":false,"template":"","format":"standard","meta":{"footnotes":""},"categories":[26],"tags":[],"class_list":["post-5941","post","type-post","status-publish","format-standard","has-post-thumbnail","hentry","category-nota-de-prensa"],"_links":{"self":[{"href":"https:\/\/cpp.pe\/cpp\/wp-json\/wp\/v2\/posts\/5941","targetHints":{"allow":["GET"]}}],"collection":[{"href":"https:\/\/cpp.pe\/cpp\/wp-json\/wp\/v2\/posts"}],"about":[{"href":"https:\/\/cpp.pe\/cpp\/wp-json\/wp\/v2\/types\/post"}],"author":[{"embeddable":true,"href":"https:\/\/cpp.pe\/cpp\/wp-json\/wp\/v2\/users\/4"}],"replies":[{"embeddable":true,"href":"https:\/\/cpp.pe\/cpp\/wp-json\/wp\/v2\/comments?post=5941"}],"version-history":[{"count":4,"href":"https:\/\/cpp.pe\/cpp\/wp-json\/wp\/v2\/posts\/5941\/revisions"}],"predecessor-version":[{"id":5956,"href":"https:\/\/cpp.pe\/cpp\/wp-json\/wp\/v2\/posts\/5941\/revisions\/5956"}],"wp:featuredmedia":[{"embeddable":true,"href":"https:\/\/cpp.pe\/cpp\/wp-json\/wp\/v2\/media\/5947"}],"wp:attachment":[{"href":"https:\/\/cpp.pe\/cpp\/wp-json\/wp\/v2\/media?parent=5941"}],"wp:term":[{"taxonomy":"category","embeddable":true,"href":"https:\/\/cpp.pe\/cpp\/wp-json\/wp\/v2\/categories?post=5941"},{"taxonomy":"post_tag","embeddable":true,"href":"https:\/\/cpp.pe\/cpp\/wp-json\/wp\/v2\/tags?post=5941"}],"curies":[{"name":"wp","href":"https:\/\/api.w.org\/{rel}","templated":true}]}}