{"id":5964,"date":"2026-01-30T10:22:57","date_gmt":"2026-01-30T15:22:57","guid":{"rendered":"https:\/\/cpp.pe\/cpp\/?p=5964"},"modified":"2026-01-30T10:22:57","modified_gmt":"2026-01-30T15:22:57","slug":"deben-ser-colegiados-los-directores-y-jefes-de-prensa-de-todas-las-instituciones","status":"publish","type":"post","link":"https:\/\/cpp.pe\/cpp\/2026\/01\/30\/deben-ser-colegiados-los-directores-y-jefes-de-prensa-de-todas-las-instituciones\/","title":{"rendered":"\u00a1DEBEN SER COLEGIADOS LOS DIRECTORES Y JEFES DE PRENSA DE TODAS LAS INSTITUCIONES!"},"content":{"rendered":"<div class=\"wpb-content-wrapper\"><p>[vc_row][vc_column][vc_column_text css=\u00bb\u00bb]Lima, 30 de enero de 2026.-\u00a0El decano nacional del Colegio de Periodistas del Per\u00fa, Andr\u00e9s Z\u00fa\u00f1iga, sostuvo en entrevista concedida a Radio Nacional que los directores y jefes de prensa de todas las instituciones deben ser profesionales debidamente colegiados, al tratarse de cargos que demandan responsabilidad \u00e9tica y formaci\u00f3n especializada.<\/p>\n<p>Asimismo, precis\u00f3 que estos puestos son asumidos por profesionales de las Ciencias de la Comunicaci\u00f3n y del Periodismo, cuya labor cumple una funci\u00f3n vital en todas las entidades p\u00fablicas, al garantizar una comunicaci\u00f3n adecuada y un servicio informativo responsable hacia la ciudadan\u00eda[\/vc_column_text][\/vc_column][\/vc_row]<\/p>\n<\/div>","protected":false},"excerpt":{"rendered":"<p>[vc_row][vc_column][vc_column_text css=\u00bb\u00bb]Lima, 30 de enero de 2026.-\u00a0El decano nacional del Colegio de Periodistas del Per\u00fa, Andr\u00e9s Z\u00fa\u00f1iga, sostuvo en entrevista concedida a Radio Nacional que los directores y jefes de prensa de todas las instituciones deben ser profesionales debidamente colegiados, al tratarse de cargos que demandan responsabilidad \u00e9tica y formaci\u00f3n especializada. Asimismo, precis\u00f3 que estos [&hellip;]<\/p>\n","protected":false},"author":4,"featured_media":5966,"comment_status":"open","ping_status":"open","sticky":false,"template":"","format":"standard","meta":{"footnotes":""},"categories":[26],"tags":[],"class_list":["post-5964","post","type-post","status-publish","format-standard","has-post-thumbnail","hentry","category-nota-de-prensa"],"_links":{"self":[{"href":"https:\/\/cpp.pe\/cpp\/wp-json\/wp\/v2\/posts\/5964","targetHints":{"allow":["GET"]}}],"collection":[{"href":"https:\/\/cpp.pe\/cpp\/wp-json\/wp\/v2\/posts"}],"about":[{"href":"https:\/\/cpp.pe\/cpp\/wp-json\/wp\/v2\/types\/post"}],"author":[{"embeddable":true,"href":"https:\/\/cpp.pe\/cpp\/wp-json\/wp\/v2\/users\/4"}],"replies":[{"embeddable":true,"href":"https:\/\/cpp.pe\/cpp\/wp-json\/wp\/v2\/comments?post=5964"}],"version-history":[{"count":1,"href":"https:\/\/cpp.pe\/cpp\/wp-json\/wp\/v2\/posts\/5964\/revisions"}],"predecessor-version":[{"id":5967,"href":"https:\/\/cpp.pe\/cpp\/wp-json\/wp\/v2\/posts\/5964\/revisions\/5967"}],"wp:featuredmedia":[{"embeddable":true,"href":"https:\/\/cpp.pe\/cpp\/wp-json\/wp\/v2\/media\/5966"}],"wp:attachment":[{"href":"https:\/\/cpp.pe\/cpp\/wp-json\/wp\/v2\/media?parent=5964"}],"wp:term":[{"taxonomy":"category","embeddable":true,"href":"https:\/\/cpp.pe\/cpp\/wp-json\/wp\/v2\/categories?post=5964"},{"taxonomy":"post_tag","embeddable":true,"href":"https:\/\/cpp.pe\/cpp\/wp-json\/wp\/v2\/tags?post=5964"}],"curies":[{"name":"wp","href":"https:\/\/api.w.org\/{rel}","templated":true}]}}