{"id":5979,"date":"2026-02-01T08:11:12","date_gmt":"2026-02-01T13:11:12","guid":{"rendered":"https:\/\/cpp.pe\/cpp\/?p=5979"},"modified":"2026-02-01T08:24:48","modified_gmt":"2026-02-01T13:24:48","slug":"colegio-de-periodistas-sel-peru-presente-en-celebraciones-mas-importantes-del-pais","status":"publish","type":"post","link":"https:\/\/cpp.pe\/cpp\/2026\/02\/01\/colegio-de-periodistas-sel-peru-presente-en-celebraciones-mas-importantes-del-pais\/","title":{"rendered":"COLEGIO DE PERIODISTAS DEL PER\u00da PRESENTE EN CELEBRACIONES M\u00c1S IMPORTANTES DEL PA\u00cdS"},"content":{"rendered":"<div class=\"wpb-content-wrapper\"><p>[vc_row][vc_column][vc_column_text css=\u00bb\u00bb]En representaci\u00f3n del Decano Nacional del Colegio de Periodistas del Per\u00fa, Andr\u00e9s Z\u00fa\u00f1iga, el Director Nacional de Responsabilidad Social, Samuel Vilca Vilca, particip\u00f3 en las actividades religiosas por las Novenas en honor a la Sant\u00edsima Virgen Mar\u00eda de la Candelaria, desarrolladas en la parroquia San Juan Bautista de la ciudad de Puno. Su presencia reafirm\u00f3 el respeto y respaldo de la orden profesional hacia las expresiones culturales y de fe que fortalecen la identidad regional.<\/p>\n<p>Esta jornada lit\u00fargica, que forma parte del calendario de actividades previas al D\u00eda Central de la patrona pune\u00f1a, a celebrarse el 2 de febrero, congreg\u00f3 a numerosos fieles y familias de la regi\u00f3n. El Colegio de Periodistas del Per\u00fa fue especialmente invitado a estas ceremonias, consideradas una manifestaci\u00f3n de profundo valor religioso, cultural, social y tradicional, que constituye patrimonio vivo de Puno y dinamiza la participaci\u00f3n ciudadana.<\/p>\n<p>Durante el acto religioso, el Director Nacional de Responsabilidad Social elev\u00f3 oraciones a la Santa Patrona, pidiendo sabidur\u00eda para el Decano Nacional y los directores en la conducci\u00f3n institucional, as\u00ed como bendiciones para todos los miembros de la orden a nivel nacional. Resalt\u00f3 tambi\u00e9n la importancia de mantener la unidad y el compromiso \u00e9tico en el ejercicio profesional.<\/p>\n<p>En la ceremonia participaron adem\u00e1s directivos de la filial departamental de Puno, quienes acompa\u00f1aron esta significativa expresi\u00f3n de fe y tradici\u00f3n. El Colegio de Periodistas del Per\u00fa reiter\u00f3 su compromiso de promover y valorar las manifestaciones culturales que fortalecen la cohesi\u00f3n social y la identidad de las comunidades del pa\u00eds.[\/vc_column_text][\/vc_column][\/vc_row]<\/p>\n<\/div>","protected":false},"excerpt":{"rendered":"<p>[vc_row][vc_column][vc_column_text css=\u00bb\u00bb]En representaci\u00f3n del Decano Nacional del Colegio de Periodistas del Per\u00fa, Andr\u00e9s Z\u00fa\u00f1iga, el Director Nacional de Responsabilidad Social, Samuel Vilca Vilca, particip\u00f3 en las actividades religiosas por las Novenas en honor a la Sant\u00edsima Virgen Mar\u00eda de la Candelaria, desarrolladas en la parroquia San Juan Bautista de la ciudad de Puno. Su presencia [&hellip;]<\/p>\n","protected":false},"author":4,"featured_media":5982,"comment_status":"open","ping_status":"open","sticky":false,"template":"","format":"standard","meta":{"footnotes":""},"categories":[26],"tags":[],"class_list":["post-5979","post","type-post","status-publish","format-standard","has-post-thumbnail","hentry","category-nota-de-prensa"],"_links":{"self":[{"href":"https:\/\/cpp.pe\/cpp\/wp-json\/wp\/v2\/posts\/5979","targetHints":{"allow":["GET"]}}],"collection":[{"href":"https:\/\/cpp.pe\/cpp\/wp-json\/wp\/v2\/posts"}],"about":[{"href":"https:\/\/cpp.pe\/cpp\/wp-json\/wp\/v2\/types\/post"}],"author":[{"embeddable":true,"href":"https:\/\/cpp.pe\/cpp\/wp-json\/wp\/v2\/users\/4"}],"replies":[{"embeddable":true,"href":"https:\/\/cpp.pe\/cpp\/wp-json\/wp\/v2\/comments?post=5979"}],"version-history":[{"count":3,"href":"https:\/\/cpp.pe\/cpp\/wp-json\/wp\/v2\/posts\/5979\/revisions"}],"predecessor-version":[{"id":5984,"href":"https:\/\/cpp.pe\/cpp\/wp-json\/wp\/v2\/posts\/5979\/revisions\/5984"}],"wp:featuredmedia":[{"embeddable":true,"href":"https:\/\/cpp.pe\/cpp\/wp-json\/wp\/v2\/media\/5982"}],"wp:attachment":[{"href":"https:\/\/cpp.pe\/cpp\/wp-json\/wp\/v2\/media?parent=5979"}],"wp:term":[{"taxonomy":"category","embeddable":true,"href":"https:\/\/cpp.pe\/cpp\/wp-json\/wp\/v2\/categories?post=5979"},{"taxonomy":"post_tag","embeddable":true,"href":"https:\/\/cpp.pe\/cpp\/wp-json\/wp\/v2\/tags?post=5979"}],"curies":[{"name":"wp","href":"https:\/\/api.w.org\/{rel}","templated":true}]}}