{"id":5991,"date":"2026-02-02T09:32:59","date_gmt":"2026-02-02T14:32:59","guid":{"rendered":"https:\/\/cpp.pe\/cpp\/?p=5991"},"modified":"2026-03-19T15:36:37","modified_gmt":"2026-03-19T20:36:37","slug":"%f0%9d%90%82%f0%9d%90%8e%f0%9d%90%8b%f0%9d%90%84%f0%9d%90%86%f0%9d%90%88%f0%9d%90%8e-%f0%9d%90%83%f0%9d%90%84-%f0%9d%90%8f%f0%9d%90%84%f0%9d%90%91%f0%9d%90%88%f0%9d%90%8e%f0%9d%90%83%f0%9d%90%88","status":"publish","type":"post","link":"https:\/\/cpp.pe\/cpp\/2026\/02\/02\/%f0%9d%90%82%f0%9d%90%8e%f0%9d%90%8b%f0%9d%90%84%f0%9d%90%86%f0%9d%90%88%f0%9d%90%8e-%f0%9d%90%83%f0%9d%90%84-%f0%9d%90%8f%f0%9d%90%84%f0%9d%90%91%f0%9d%90%88%f0%9d%90%8e%f0%9d%90%83%f0%9d%90%88\/","title":{"rendered":"\ud835\udc02\ud835\udc0e\ud835\udc0b\ud835\udc04\ud835\udc06\ud835\udc08\ud835\udc0e \ud835\udc03\ud835\udc04 \ud835\udc0f\ud835\udc04\ud835\udc11\ud835\udc08\ud835\udc0e\ud835\udc03\ud835\udc08\ud835\udc12\ud835\udc13\ud835\udc00\ud835\udc12 \ud835\udc03\ud835\udc04\ud835\udc0b \ud835\udc0f\ud835\udc04\ud835\udc11\u00da \u2013 \ud835\udc02\ud835\udc0e\ud835\udc0d\ud835\udc12\ud835\udc04\ud835\udc09\ud835\udc0e \ud835\udc11\ud835\udc04\ud835\udc06\ud835\udc08\ud835\udc0e\ud835\udc0d\ud835\udc00\ud835\udc0b \ud835\udc12\ud835\udc00\ud835\udc0d \ud835\udc0c\ud835\udc00\ud835\udc11\ud835\udc13\u00cd\ud835\udc0d \ud835\udc08\ud835\udc0d\ud835\udc08\ud835\udc02\ud835\udc08\ud835\udc00 \ud835\udc0d\ud835\udc14\ud835\udc04\ud835\udc15\ud835\udc00 \ud835\udc04\ud835\udc13\ud835\udc00\ud835\udc0f\ud835\udc00 \ud835\udc08\ud835\udc0d\ud835\udc12\ud835\udc13\ud835\udc08\ud835\udc13\ud835\udc14\ud835\udc02\ud835\udc08\ud835\udc0e\ud835\udc0d\ud835\udc00\ud835\udc0b \ud835\udc02\ud835\udc0e\ud835\udc0d \ud835\udc09\ud835\udc14\ud835\udc11\ud835\udc00\ud835\udc0c\ud835\udc04\ud835\udc0d\ud835\udc13\ud835\udc00\ud835\udc02\ud835\udc08\u00d3\ud835\udc0d \ud835\udc03\ud835\udc04 \ud835\udc12\ud835\udc14 \ud835\udc02\ud835\udc0e\ud835\udc0d\ud835\udc12\ud835\udc04\ud835\udc09\ud835\udc0e \ud835\udc03\ud835\udc08\ud835\udc11\ud835\udc04\ud835\udc02\ud835\udc13\ud835\udc08\ud835\udc15\ud835\udc0e \ud835\udfd0\ud835\udfce\ud835\udfd0\ud835\udfd4\u2013\ud835\udfd0\ud835\udfce\ud835\udfd0\ud835\udfd5"},"content":{"rendered":"<div class=\"wpb-content-wrapper\"><p>[vc_row][vc_column][vc_column_text css=\u00bb\u00bb]<\/p>\n<div class=\"x14z9mp xat24cr x1lziwak x1vvkbs xtlvy1s x126k92a\">\n<div dir=\"auto\">\ud835\ude15\ud835\ude36\ud835\ude26\ud835\ude37\ud835\ude22 \ud835\ude28\ud835\ude26\ud835\ude34\ud835\ude35\ud835\ude2a\u00f3\ud835\ude2f \ud835\ude22\ud835\ude31\ud835\ude36\ud835\ude26\ud835\ude34\ud835\ude35\ud835\ude22 \ud835\ude31\ud835\ude30\ud835\ude33 \ud835\ude2d\ud835\ude22 \ud835\ude25\ud835\ude26\ud835\ude27\ud835\ude26\ud835\ude2f\ud835\ude34\ud835\ude22 \ud835\ude25\ud835\ude26 \ud835\ude2d\ud835\ude22 \ud835\ude25\ud835\ude2a\ud835\ude28\ud835\ude2f\ud835\ude2a\ud835\ude25\ud835\ude22\ud835\ude25, \ud835\ude2d\ud835\ude30\ud835\ude34 \ud835\ude25\ud835\ude26\ud835\ude33\ud835\ude26\ud835\ude24\ud835\ude29\ud835\ude30\ud835\ude34 \ud835\ude31\ud835\ude26\ud835\ude33\ud835\ude2a\ud835\ude30\ud835\ude25\u00ed\ud835\ude34\ud835\ude35\ud835\ude2a\ud835\ude24\ud835\ude30\ud835\ude34 \ud835\ude3a \ud835\ude2d\ud835\ude22 \ud835\ude36\ud835\ude2f\ud835\ude2a\ud835\ude25\ud835\ude22\ud835\ude25 \ud835\ude28\ud835\ude33\ud835\ude26\ud835\ude2e\ud835\ude2a\ud835\ude22\ud835\ude2d.<\/div>\n<div dir=\"auto\"><\/div>\n<\/div>\n<div class=\"x14z9mp xat24cr x1lziwak x1vvkbs xtlvy1s x126k92a\">\n<div dir=\"auto\">El Colegio de Periodistas del Per\u00fa (CPP) \u2013 Consejo Regional San Mart\u00edn inici\u00f3 una nueva etapa institucional con la juramentaci\u00f3n de su Consejo Directivo para el per\u00edodo 2026\u20132027, presidido por el decano Mag. Aroldo C\u00e1rdenas Rengifo, quien destac\u00f3 que esta gesti\u00f3n marca el inicio de un proceso de cambio responsable, basado en el trabajo colectivo y el compromiso con el servicio al periodismo y a la sociedad, reafirmando su juramento de ejercer el cargo con integridad, di\u00e1logo y vocaci\u00f3n democr\u00e1tica.<\/div>\n<\/div>\n<div dir=\"auto\"><\/div>\n<div dir=\"auto\"><\/div>\n<div class=\"x14z9mp xat24cr x1lziwak x1vvkbs xtlvy1s x126k92a\">\n<div dir=\"auto\">La gesti\u00f3n 2026\u20132027 estar\u00e1 orientada a la defensa de la dignidad y los derechos del ejercicio period\u00edstico, la promoci\u00f3n de la \u00e9tica profesional y el fortalecimiento de la unidad gremial. \u201cTrabajar\u00e9 por un Colegio cercano a sus miembros, transparente en toda la gesti\u00f3n y firme en la defensa de la libertad de expresi\u00f3n y del derecho ciudadano a una correcta informaci\u00f3n\u201d, afirm\u00f3 C\u00e1rdenas Rengifo.<\/div>\n<\/div>\n<div dir=\"auto\"><\/div>\n<div dir=\"auto\"><\/div>\n<div dir=\"auto\"><\/div>\n<div class=\"x14z9mp xat24cr x1lziwak x1vvkbs xtlvy1s x126k92a\">\n<div dir=\"auto\">Entre los principales ejes de trabajo del Consejo Directivo destacan: el impulso a la unidad profesional y a la participaci\u00f3n activa de los colegiados; la defensa irrestricta de la libertad de expresi\u00f3n y del derecho ciudadano a una informaci\u00f3n veraz; la promoci\u00f3n de la capacitaci\u00f3n continua y la actualizaci\u00f3n profesional; la modernizaci\u00f3n de los servicios institucionales en beneficio de los periodistas y comunicadores sociales de la regi\u00f3n y la consolidaci\u00f3n del CPP como un actor clave en los debates p\u00fablicos regionales.<\/div>\n<\/div>\n<div dir=\"auto\"><\/div>\n<div dir=\"auto\"><\/div>\n<div class=\"x14z9mp xat24cr x1lziwak x1vvkbs xtlvy1s x126k92a\">\n<div dir=\"auto\">El decano anunci\u00f3 el fortalecimiento de la presencia institucional del Colegio en todo el \u00e1mbito regional. \u201cFortaleceremos la presencia del Colegio no solo en la sede regional, sino en todas las provincias del departamento de San Mart\u00edn y en la vecina provincia de Alto Amazonas \u2013 Yurimaguas\u201d, puntualiz\u00f3.<\/div>\n<\/div>\n<div dir=\"auto\"><\/div>\n<div dir=\"auto\"><\/div>\n<div dir=\"auto\"><\/div>\n<div dir=\"auto\"><\/div>\n<div class=\"x14z9mp xat24cr x1lziwak x1vvkbs xtlvy1s x126k92a\">\n<div dir=\"auto\">La nueva directiva est\u00e1 conformada por: Edgardo Linares Upiachihua, primer vicedecano regional; Jos\u00e9 Oliden Flores Vargas, segundo vicedecano regional; Luz Magaly R\u00edos Sajami, directora Secretaria Regional; David Israel Flores Re\u00e1tegui, director de Econom\u00eda y Finanzas; Heber El\u00ed Carrillo Chuquimango, director de Asuntos Profesionales e Institucionales; Hugo Orlando Ar\u00e9valo Garazat\u00faa, director de Responsabilidad Social; Nicol Stephany Mori L\u00f3pez, directora de Comunicaciones y Publicaciones; Roger Torres Chujutalli, director de Biblioteca y Ernesto Calder\u00f3n Neyra, director de Asuntos Departamentales.<\/div>\n<\/div>\n<div><\/div>\n<div><\/div>\n<div class=\"x14z9mp xat24cr x1lziwak x1vvkbs xtlvy1s x126k92a\">\n<div>La nueva directiva reafirm\u00f3 su compromiso con una gesti\u00f3n transparente, participativa y orientada a resultados, convocando a todos los periodistas y comunicadores sociales a involucrarse activamente en las actividades del Colegio y en los procesos de fortalecimiento gremial.<\/div>\n<\/div>\n<div dir=\"auto\"><\/div>\n<div dir=\"auto\"><\/div>\n<div class=\"x14z9mp xat24cr x1lziwak x1vvkbs xtlvy1s x126k92a\">\n<div dir=\"auto\">La ceremonia de juramentaci\u00f3n se realiz\u00f3 el s\u00e1bado 24 de enero, a las 9:00 a. m., en el auditorio de la C\u00e1mara de Comercio, Producci\u00f3n y Turismo de San Mart\u00edn &#8211; Tarapoto, y cont\u00f3 con la presencia de autoridades regionales y locales, representantes de instituciones p\u00fablicas y privadas, periodistas colegiados y familiares.<\/div>\n<\/div>\n<p>[\/vc_column_text][\/vc_column][\/vc_row]<\/p>\n<\/div>","protected":false},"excerpt":{"rendered":"<p>[vc_row][vc_column][vc_column_text css=\u00bb\u00bb] \ud835\ude15\ud835\ude36\ud835\ude26\ud835\ude37\ud835\ude22 \ud835\ude28\ud835\ude26\ud835\ude34\ud835\ude35\ud835\ude2a\u00f3\ud835\ude2f \ud835\ude22\ud835\ude31\ud835\ude36\ud835\ude26\ud835\ude34\ud835\ude35\ud835\ude22 \ud835\ude31\ud835\ude30\ud835\ude33 \ud835\ude2d\ud835\ude22 \ud835\ude25\ud835\ude26\ud835\ude27\ud835\ude26\ud835\ude2f\ud835\ude34\ud835\ude22 \ud835\ude25\ud835\ude26 \ud835\ude2d\ud835\ude22 \ud835\ude25\ud835\ude2a\ud835\ude28\ud835\ude2f\ud835\ude2a\ud835\ude25\ud835\ude22\ud835\ude25, \ud835\ude2d\ud835\ude30\ud835\ude34 \ud835\ude25\ud835\ude26\ud835\ude33\ud835\ude26\ud835\ude24\ud835\ude29\ud835\ude30\ud835\ude34 \ud835\ude31\ud835\ude26\ud835\ude33\ud835\ude2a\ud835\ude30\ud835\ude25\u00ed\ud835\ude34\ud835\ude35\ud835\ude2a\ud835\ude24\ud835\ude30\ud835\ude34 \ud835\ude3a \ud835\ude2d\ud835\ude22 \ud835\ude36\ud835\ude2f\ud835\ude2a\ud835\ude25\ud835\ude22\ud835\ude25 \ud835\ude28\ud835\ude33\ud835\ude26\ud835\ude2e\ud835\ude2a\ud835\ude22\ud835\ude2d. El Colegio de Periodistas del Per\u00fa (CPP) \u2013 Consejo Regional San Mart\u00edn inici\u00f3 una nueva etapa institucional con la juramentaci\u00f3n de su Consejo Directivo para el per\u00edodo 2026\u20132027, presidido por el decano Mag. Aroldo C\u00e1rdenas Rengifo, quien [&hellip;]<\/p>\n","protected":false},"author":4,"featured_media":5995,"comment_status":"open","ping_status":"open","sticky":false,"template":"","format":"standard","meta":{"footnotes":""},"categories":[26],"tags":[],"class_list":["post-5991","post","type-post","status-publish","format-standard","has-post-thumbnail","hentry","category-nota-de-prensa"],"_links":{"self":[{"href":"https:\/\/cpp.pe\/cpp\/wp-json\/wp\/v2\/posts\/5991","targetHints":{"allow":["GET"]}}],"collection":[{"href":"https:\/\/cpp.pe\/cpp\/wp-json\/wp\/v2\/posts"}],"about":[{"href":"https:\/\/cpp.pe\/cpp\/wp-json\/wp\/v2\/types\/post"}],"author":[{"embeddable":true,"href":"https:\/\/cpp.pe\/cpp\/wp-json\/wp\/v2\/users\/4"}],"replies":[{"embeddable":true,"href":"https:\/\/cpp.pe\/cpp\/wp-json\/wp\/v2\/comments?post=5991"}],"version-history":[{"count":3,"href":"https:\/\/cpp.pe\/cpp\/wp-json\/wp\/v2\/posts\/5991\/revisions"}],"predecessor-version":[{"id":5997,"href":"https:\/\/cpp.pe\/cpp\/wp-json\/wp\/v2\/posts\/5991\/revisions\/5997"}],"wp:featuredmedia":[{"embeddable":true,"href":"https:\/\/cpp.pe\/cpp\/wp-json\/wp\/v2\/media\/5995"}],"wp:attachment":[{"href":"https:\/\/cpp.pe\/cpp\/wp-json\/wp\/v2\/media?parent=5991"}],"wp:term":[{"taxonomy":"category","embeddable":true,"href":"https:\/\/cpp.pe\/cpp\/wp-json\/wp\/v2\/categories?post=5991"},{"taxonomy":"post_tag","embeddable":true,"href":"https:\/\/cpp.pe\/cpp\/wp-json\/wp\/v2\/tags?post=5991"}],"curies":[{"name":"wp","href":"https:\/\/api.w.org\/{rel}","templated":true}]}}