{"id":6138,"date":"2026-03-10T12:16:15","date_gmt":"2026-03-10T17:16:15","guid":{"rendered":"https:\/\/cpp.pe\/cpp\/?p=6138"},"modified":"2026-03-10T12:16:15","modified_gmt":"2026-03-10T17:16:15","slug":"colegio-de-periodistas-del-peru-distingue-a-destacadas-profesionales-en-el-dia-internacional-de-la-mujer","status":"publish","type":"post","link":"https:\/\/cpp.pe\/cpp\/2026\/03\/10\/colegio-de-periodistas-del-peru-distingue-a-destacadas-profesionales-en-el-dia-internacional-de-la-mujer\/","title":{"rendered":"COLEGIO DE PERIODISTAS DEL PER\u00da DISTINGUE A DESTACADAS PROFESIONALES EN EL D\u00cdA INTERNACIONAL DE LA MUJER"},"content":{"rendered":"<div class=\"wpb-content-wrapper\"><p>[vc_row][vc_column][vc_column_text css=\u00bb\u00bb]<strong>Periodistas de Lima y regiones fueron reconocidas por su trayectoria y aporte al ejercicio del periodismo y la comunicaci\u00f3n en el pa\u00eds.<\/strong><\/p>\n<p>En el marco de las actividades por el D\u00eda Internacional de la Mujer, el Colegio de Periodistas del Per\u00fa (CPP) realiz\u00f3 una ceremonia de reconocimiento a destacadas profesionales del periodismo y la comunicaci\u00f3n, resaltando su trayectoria y el aporte que han realizado desde distintos espacios al ejercicio de la profesi\u00f3n.<\/p>\n<p>Durante el acto, la primera vicedecana nacional del CPP, Flor Elizabeth Mu\u00f1oz Apaza, destac\u00f3 que esta fecha invita no solo a recordar la historia de las mujeres, sino tambi\u00e9n a reflexionar sobre el presente y el futuro que se construye en la sociedad y dentro del periodismo.<\/p>\n<p>En su intervenci\u00f3n se\u00f1al\u00f3 que el periodismo es una profesi\u00f3n profundamente ligada al compromiso con la sociedad, la democracia y la libertad de expresi\u00f3n. En ese sentido, subray\u00f3 que mujeres y hombres comparten los mismos retos y responsabilidades frente a la ciudadan\u00eda, y que el fortalecimiento del periodismo pasa tambi\u00e9n por reconocer la diversidad de miradas dentro de la profesi\u00f3n.<\/p>\n<p>Uno de los momentos centrales de la jornada fue la entrega de reconocimientos a periodistas que han desarrollado una amplia trayectoria profesional. Entre ellas se encuentra Flor de Mar\u00eda Rosario Arroyo Morales, periodista con m\u00e1s de cinco d\u00e9cadas de experiencia en el ejercicio del periodismo, la docencia y la gesti\u00f3n cultural, adem\u00e1s de una destacada labor en la formaci\u00f3n de nuevas generaciones de comunicadores.<\/p>\n<p>Tambi\u00e9n fue distinguida Cecilia Pinglo Risco, periodista con una larga trayectoria en el \u00e1mbito editorial y en revistas especializadas, quien ha dirigido diversas publicaciones y actualmente forma parte del equipo de la revista Caretas.<\/p>\n<p>El reconocimiento incluy\u00f3 adem\u00e1s a Mary Victoria L\u00f3pez Quispe, licenciada en Ciencias de la Comunicaci\u00f3n y en Enfermer\u00eda, con experiencia en gesti\u00f3n p\u00fablica y comunicaci\u00f3n en salud, as\u00ed como en la docencia universitaria.<\/p>\n<p>De igual manera, fue reconocida Mar\u00eda Teresa Blanco Ch\u00e1vez, periodista con m\u00e1s de cuarenta a\u00f1os de experiencia en medios escritos y televisivos, quien ha desarrollado gran parte de su carrera en el Instituto Nacional de Radio y Televisi\u00f3n del Per\u00fa (IRTP), donde actualmente se desempe\u00f1a como productora general.<\/p>\n<p>La ceremonia tambi\u00e9n incluy\u00f3 distinciones a profesionales de las regiones del pa\u00eds, entre ellas Mariela Ada Luz Zegarra Pajuelo, periodista y productora audiovisual de Arequipa con m\u00e1s de veinte a\u00f1os de experiencia en periodismo y producci\u00f3n multimedia, y Teodocia Zavala Palacios, comunicadora social de Piura con una trayectoria de tres d\u00e9cadas en prensa escrita y m\u00e1s de veinte a\u00f1os dedicada a la docencia universitaria.<\/p>\n<p>En representaci\u00f3n de las profesionales reconocidas, la periodista Flor de Mar\u00eda Rosario Arroyo Morales agradeci\u00f3 la distinci\u00f3n y destac\u00f3 que el periodismo es una responsabilidad permanente con la verdad y con la memoria de la sociedad. Se\u00f1al\u00f3 adem\u00e1s que cada paso que logran las mujeres en el \u00e1mbito profesional abre nuevas oportunidades para las generaciones que vienen.<\/p>\n<p>Durante la ceremonia tambi\u00e9n se realiz\u00f3 un reconocimiento a las directoras del Consejo Directivo Nacional del CPP por su labor y compromiso con el fortalecimiento institucional del gremio. Entre ellas se encuentran Stephanie Pinedo Amenero, directora secretaria nacional; Lizzet Paz Quispe, directora de Coordinaci\u00f3n Departamental; y Flor Mu\u00f1oz Apaza, primera vicedecana nacional, quienes recibieron un reconocimiento simb\u00f3lico en el marco de esta conmemoraci\u00f3n.[\/vc_column_text][\/vc_column][\/vc_row]<\/p>\n<\/div>","protected":false},"excerpt":{"rendered":"<p>[vc_row][vc_column][vc_column_text css=\u00bb\u00bb]Periodistas de Lima y regiones fueron reconocidas por su trayectoria y aporte al ejercicio del periodismo y la comunicaci\u00f3n en el pa\u00eds. En el marco de las actividades por el D\u00eda Internacional de la Mujer, el Colegio de Periodistas del Per\u00fa (CPP) realiz\u00f3 una ceremonia de reconocimiento a destacadas profesionales del periodismo y la [&hellip;]<\/p>\n","protected":false},"author":4,"featured_media":6139,"comment_status":"open","ping_status":"open","sticky":false,"template":"","format":"standard","meta":{"footnotes":""},"categories":[26],"tags":[],"class_list":["post-6138","post","type-post","status-publish","format-standard","has-post-thumbnail","hentry","category-nota-de-prensa"],"_links":{"self":[{"href":"https:\/\/cpp.pe\/cpp\/wp-json\/wp\/v2\/posts\/6138","targetHints":{"allow":["GET"]}}],"collection":[{"href":"https:\/\/cpp.pe\/cpp\/wp-json\/wp\/v2\/posts"}],"about":[{"href":"https:\/\/cpp.pe\/cpp\/wp-json\/wp\/v2\/types\/post"}],"author":[{"embeddable":true,"href":"https:\/\/cpp.pe\/cpp\/wp-json\/wp\/v2\/users\/4"}],"replies":[{"embeddable":true,"href":"https:\/\/cpp.pe\/cpp\/wp-json\/wp\/v2\/comments?post=6138"}],"version-history":[{"count":1,"href":"https:\/\/cpp.pe\/cpp\/wp-json\/wp\/v2\/posts\/6138\/revisions"}],"predecessor-version":[{"id":6140,"href":"https:\/\/cpp.pe\/cpp\/wp-json\/wp\/v2\/posts\/6138\/revisions\/6140"}],"wp:featuredmedia":[{"embeddable":true,"href":"https:\/\/cpp.pe\/cpp\/wp-json\/wp\/v2\/media\/6139"}],"wp:attachment":[{"href":"https:\/\/cpp.pe\/cpp\/wp-json\/wp\/v2\/media?parent=6138"}],"wp:term":[{"taxonomy":"category","embeddable":true,"href":"https:\/\/cpp.pe\/cpp\/wp-json\/wp\/v2\/categories?post=6138"},{"taxonomy":"post_tag","embeddable":true,"href":"https:\/\/cpp.pe\/cpp\/wp-json\/wp\/v2\/tags?post=6138"}],"curies":[{"name":"wp","href":"https:\/\/api.w.org\/{rel}","templated":true}]}}