{"id":6415,"date":"2026-04-28T12:37:25","date_gmt":"2026-04-28T17:37:25","guid":{"rendered":"https:\/\/cpp.pe\/cpp\/?p=6415"},"modified":"2026-04-28T13:12:53","modified_gmt":"2026-04-28T18:12:53","slug":"juramentan-comisiones-de-relaciones-exteriores-y-responsabilidad-social-del-colegio-de-periodistas-del-peru-para-el-periodo-2026-2027","status":"publish","type":"post","link":"https:\/\/cpp.pe\/cpp\/2026\/04\/28\/juramentan-comisiones-de-relaciones-exteriores-y-responsabilidad-social-del-colegio-de-periodistas-del-peru-para-el-periodo-2026-2027\/","title":{"rendered":"JURAMENTAN COMISIONES DE RELACIONES EXTERIORES Y RESPONSABILIDAD SOCIAL DEL COLEGIO DE PERIODISTAS DEL PER\u00da PARA EL PER\u00cdODO 2026\u20132027"},"content":{"rendered":"<div class=\"wpb-content-wrapper\"><p>[vc_row][vc_column][vc_column_text css=\u00bb\u00bb]<em>El decano nacional Andr\u00e9s Z\u00fa\u00f1iga destac\u00f3 el trabajo articulado y el compromiso institucional como ejes clave de la nueva gesti\u00f3n.<\/em><\/p>\n<p>El Colegio de Periodistas del Per\u00fa llev\u00f3 a cabo la juramentaci\u00f3n de sus Comisiones Nacionales para el per\u00edodo 2026\u20132027, en una ceremonia que reafirma el compromiso institucional y la vocaci\u00f3n de servicio de sus integrantes.<\/p>\n<p>La mesa principal estuvo conformada por el decano nacional, Andr\u00e9s Z\u00fa\u00f1iga; la secretaria nacional, Stephanie Pinedo; y el director nacional de Econom\u00eda, Administraci\u00f3n y Finanzas, Jos\u00e9 Carlos Basurto.<\/p>\n<p>Durante la ceremonia, se present\u00f3 a los integrantes de la Comisi\u00f3n Nacional de Relaciones Exteriores, presidida por \u00d3scar Douglas Or\u00e9 Coronado e integrada por Fiorella Almendra Cruz P\u00e9rez, Emperatriz Patricia Ramos Abad y Claudia Beatriz Ugarte Valencia; as\u00ed como de la Comisi\u00f3n Nacional de Responsabilidad Social, a cargo de Mary Victoria L\u00f3pez Quispe, quienes asumieron oficialmente sus funciones tras el acto de juramentaci\u00f3n.<\/p>\n<p>A su vez, el presidente de la Comisi\u00f3n de Relaciones Exteriores resumi\u00f3 en cuatro puntos esenciales, la visi\u00f3n, misi\u00f3n, objetivos \u00a0generales y espec\u00edficos, acerca de la importancia del rol que les compete como entidad deontol\u00f3gica. Desarrollaremos un trabajo de diplomacia institucional de proyecci\u00f3n internacional que permitir\u00e1 al CPP tener presencia en los grandes foros donde se debaten y definen marcos normativos que inciden en el ejercicio responsable del periodismo y la comunicaci\u00f3n. Y generar espacios de intercambio acad\u00e9mico y profesional con entidades hom\u00f3logas en el extranjero facilitando oportunidades de perfeccionamiento profesional, intercambios y becas en beneficio de todos los miembros de la Orden.<\/p>\n<p>En sus palabras de cierre, el decano nacional resalt\u00f3 que este acto marca el inicio de una etapa orientada al fortalecimiento institucional mediante el trabajo organizado y colaborativo de las comisiones. Subray\u00f3 que estos espacios son fundamentales para la generaci\u00f3n de propuestas, la toma de decisiones y la ejecuci\u00f3n de iniciativas que impacten tanto a nivel interno como en la sociedad.<\/p>\n<p>Finalmente, Z\u00fa\u00f1iga se\u00f1al\u00f3 que el periodo que se inicia representa una oportunidad para impulsar cambios, fortalecer la instituci\u00f3n y proyectarla hacia el futuro con mayor solidez, destacando que el \u00e9xito de la gesti\u00f3n depender\u00e1 del compromiso, la coordinaci\u00f3n y el trabajo conjunto de sus integrantes.[\/vc_column_text][\/vc_column][\/vc_row]<\/p>\n<\/div>","protected":false},"excerpt":{"rendered":"<p>[vc_row][vc_column][vc_column_text css=\u00bb\u00bb]El decano nacional Andr\u00e9s Z\u00fa\u00f1iga destac\u00f3 el trabajo articulado y el compromiso institucional como ejes clave de la nueva gesti\u00f3n. El Colegio de Periodistas del Per\u00fa llev\u00f3 a cabo la juramentaci\u00f3n de sus Comisiones Nacionales para el per\u00edodo 2026\u20132027, en una ceremonia que reafirma el compromiso institucional y la vocaci\u00f3n de servicio de sus [&hellip;]<\/p>\n","protected":false},"author":4,"featured_media":6416,"comment_status":"open","ping_status":"open","sticky":false,"template":"","format":"standard","meta":{"footnotes":""},"categories":[26],"tags":[],"class_list":["post-6415","post","type-post","status-publish","format-standard","has-post-thumbnail","hentry","category-nota-de-prensa"],"_links":{"self":[{"href":"https:\/\/cpp.pe\/cpp\/wp-json\/wp\/v2\/posts\/6415","targetHints":{"allow":["GET"]}}],"collection":[{"href":"https:\/\/cpp.pe\/cpp\/wp-json\/wp\/v2\/posts"}],"about":[{"href":"https:\/\/cpp.pe\/cpp\/wp-json\/wp\/v2\/types\/post"}],"author":[{"embeddable":true,"href":"https:\/\/cpp.pe\/cpp\/wp-json\/wp\/v2\/users\/4"}],"replies":[{"embeddable":true,"href":"https:\/\/cpp.pe\/cpp\/wp-json\/wp\/v2\/comments?post=6415"}],"version-history":[{"count":2,"href":"https:\/\/cpp.pe\/cpp\/wp-json\/wp\/v2\/posts\/6415\/revisions"}],"predecessor-version":[{"id":6418,"href":"https:\/\/cpp.pe\/cpp\/wp-json\/wp\/v2\/posts\/6415\/revisions\/6418"}],"wp:featuredmedia":[{"embeddable":true,"href":"https:\/\/cpp.pe\/cpp\/wp-json\/wp\/v2\/media\/6416"}],"wp:attachment":[{"href":"https:\/\/cpp.pe\/cpp\/wp-json\/wp\/v2\/media?parent=6415"}],"wp:term":[{"taxonomy":"category","embeddable":true,"href":"https:\/\/cpp.pe\/cpp\/wp-json\/wp\/v2\/categories?post=6415"},{"taxonomy":"post_tag","embeddable":true,"href":"https:\/\/cpp.pe\/cpp\/wp-json\/wp\/v2\/tags?post=6415"}],"curies":[{"name":"wp","href":"https:\/\/api.w.org\/{rel}","templated":true}]}}