{"id":6424,"date":"2026-04-29T09:13:16","date_gmt":"2026-04-29T14:13:16","guid":{"rendered":"https:\/\/cpp.pe\/cpp\/?p=6424"},"modified":"2026-04-29T10:00:19","modified_gmt":"2026-04-29T15:00:19","slug":"raul-barrios-senor-presidente-los-empresarios-no-somos-amigos-del-gobierno-somos-sus-asesores","status":"publish","type":"post","link":"https:\/\/cpp.pe\/cpp\/2026\/04\/29\/raul-barrios-senor-presidente-los-empresarios-no-somos-amigos-del-gobierno-somos-sus-asesores\/","title":{"rendered":"RA\u00daL BARRIOS: \u201cSE\u00d1OR PRESIDENTE, LOS EMPRESARIOS NO SOMOS AMIGOS DEL GOBIERNO, SOMOS SUS ASESORES\u201d"},"content":{"rendered":"<div class=\"wpb-content-wrapper\"><p>[vc_row][vc_column][vc_column_text css=\u00bb\u00bb]<em>El nuevo titular de la C\u00e1mara de Comercio de Lima marc\u00f3 una posici\u00f3n firme frente al Ejecutivo durante la conmemoraci\u00f3n por los 138 a\u00f1os del gremio empresarial, en una ceremonia que reuni\u00f3 a autoridades pol\u00edticas, empresariales y representantes institucionales.<\/em><\/p>\n<p>En el marco de su 138 aniversario, la C\u00e1mara de Comercio de Lima desarroll\u00f3 una ceremonia conmemorativa que congreg\u00f3 a autoridades del m\u00e1s alto nivel, l\u00edderes empresariales y representantes de distintas instituciones del pa\u00eds, en un espacio de balance, reflexi\u00f3n y proyecci\u00f3n sobre el rol del sector privado en el desarrollo nacional.<\/p>\n<p>El evento cont\u00f3 con la presencia del presidente de la Rep\u00fablica, Jos\u00e9 Mar\u00eda Balc\u00e1zar, quien durante su intervenci\u00f3n abord\u00f3 los desaf\u00edos del sistema democr\u00e1tico en el contexto actual, marcado por la transformaci\u00f3n digital y los cambios en la forma de hacer pol\u00edtica.<\/p>\n<p>\u201cEl sistema democr\u00e1tico liberal debe garantizar condiciones fundamentales como la igualdad econ\u00f3mica y social, la lucha frontal contra la corrupci\u00f3n y la ampliaci\u00f3n de derechos pol\u00edticos para la juventud\u201d, sostuvo el mandatario. Asimismo, resalt\u00f3 la importancia del sector empresarial en el crecimiento del pa\u00eds y reafirm\u00f3 el respaldo del Ejecutivo a sus iniciativas: \u201cEl Estado estar\u00e1 para apoyarlos en todos los proyectos que consideren necesarios\u201d.<\/p>\n<p>Uno de los momentos centrales de la jornada fue el cambio de mando institucional. El past presidente de la C\u00e1mara de Comercio de Lima, Roberto De la Tore Aguayo, present\u00f3 el balance de su gesti\u00f3n, destacando el papel activo del gremio en el escenario nacional.<\/p>\n<p>\u201cSomos un gremio empresarial hist\u00f3rico que representa a m\u00e1s de 10 mil asociados. No fuimos espectadores de la historia, fuimos y seguiremos siendo parte activa de ella\u201d, afirm\u00f3. En esa l\u00ednea, asegur\u00f3 que continuar\u00e1 contribuyendo con propuestas orientadas al desarrollo del pa\u00eds y a la defensa del sistema democr\u00e1tico.<\/p>\n<p>Posteriormente, asumi\u00f3 la presidencia para el periodo 2026-2027 Ra\u00fal Barrios Fern\u00e1ndez-Concha, quien deline\u00f3 los ejes de su gesti\u00f3n, centrados en la acci\u00f3n estrat\u00e9gica, la rapidez en la toma de decisiones y el fortalecimiento del di\u00e1logo con las autoridades.<\/p>\n<p>\u201cTenemos que movernos m\u00e1s r\u00e1pido, pensar m\u00e1s estrat\u00e9gicamente y actuar con la misma agilidad que le exigimos al Estado\u201d, se\u00f1al\u00f3. Asimismo, subray\u00f3 que la instituci\u00f3n mantendr\u00e1 una participaci\u00f3n activa en la agenda p\u00fablica: \u201cLa C\u00e1mara tendr\u00e1 una voz permanente, t\u00e9cnica y fundamentada en todos los temas que afecten al sector empresarial\u201d.<\/p>\n<p>En un mensaje directo al jefe de Estado, Barrios marc\u00f3 una posici\u00f3n clara sobre la relaci\u00f3n entre el empresariado y el gobierno: \u201cSe\u00f1or presidente, los empresarios no somos amigos del gobierno, somos sus asesores. Le diremos siempre lo bueno y lo malo. Por eso, cuente con nosotros como sus principales asesores para sacar el pa\u00eds adelante\u201d.<\/p>\n<p>La ceremonia tambi\u00e9n cont\u00f3 con la presencia del decano nacional del Colegio de Periodistas del Per\u00fa, Andr\u00e9s Z\u00fa\u00f1iga, y del presidente de la Comisi\u00f3n Nacional de Relaciones Exteriores, \u00d3scar Douglas, quienes participaron como invitados en este importante acto institucional.<\/p>\n<p>La conmemoraci\u00f3n de los 138 a\u00f1os de la C\u00e1mara de Comercio de Lima no solo permiti\u00f3 recordar su trayectoria hist\u00f3rica, sino tambi\u00e9n reafirmar su rol como actor clave en la promoci\u00f3n del desarrollo econ\u00f3mico, la institucionalidad democr\u00e1tica y la articulaci\u00f3n entre el sector p\u00fablico y privado en el pa\u00eds.[\/vc_column_text][\/vc_column][\/vc_row]<\/p>\n<\/div>","protected":false},"excerpt":{"rendered":"<p>[vc_row][vc_column][vc_column_text css=\u00bb\u00bb]El nuevo titular de la C\u00e1mara de Comercio de Lima marc\u00f3 una posici\u00f3n firme frente al Ejecutivo durante la conmemoraci\u00f3n por los 138 a\u00f1os del gremio empresarial, en una ceremonia que reuni\u00f3 a autoridades pol\u00edticas, empresariales y representantes institucionales. En el marco de su 138 aniversario, la C\u00e1mara de Comercio de Lima desarroll\u00f3 una [&hellip;]<\/p>\n","protected":false},"author":4,"featured_media":6425,"comment_status":"open","ping_status":"open","sticky":false,"template":"","format":"standard","meta":{"footnotes":""},"categories":[26],"tags":[],"class_list":["post-6424","post","type-post","status-publish","format-standard","has-post-thumbnail","hentry","category-nota-de-prensa"],"_links":{"self":[{"href":"https:\/\/cpp.pe\/cpp\/wp-json\/wp\/v2\/posts\/6424","targetHints":{"allow":["GET"]}}],"collection":[{"href":"https:\/\/cpp.pe\/cpp\/wp-json\/wp\/v2\/posts"}],"about":[{"href":"https:\/\/cpp.pe\/cpp\/wp-json\/wp\/v2\/types\/post"}],"author":[{"embeddable":true,"href":"https:\/\/cpp.pe\/cpp\/wp-json\/wp\/v2\/users\/4"}],"replies":[{"embeddable":true,"href":"https:\/\/cpp.pe\/cpp\/wp-json\/wp\/v2\/comments?post=6424"}],"version-history":[{"count":2,"href":"https:\/\/cpp.pe\/cpp\/wp-json\/wp\/v2\/posts\/6424\/revisions"}],"predecessor-version":[{"id":6427,"href":"https:\/\/cpp.pe\/cpp\/wp-json\/wp\/v2\/posts\/6424\/revisions\/6427"}],"wp:featuredmedia":[{"embeddable":true,"href":"https:\/\/cpp.pe\/cpp\/wp-json\/wp\/v2\/media\/6425"}],"wp:attachment":[{"href":"https:\/\/cpp.pe\/cpp\/wp-json\/wp\/v2\/media?parent=6424"}],"wp:term":[{"taxonomy":"category","embeddable":true,"href":"https:\/\/cpp.pe\/cpp\/wp-json\/wp\/v2\/categories?post=6424"},{"taxonomy":"post_tag","embeddable":true,"href":"https:\/\/cpp.pe\/cpp\/wp-json\/wp\/v2\/tags?post=6424"}],"curies":[{"name":"wp","href":"https:\/\/api.w.org\/{rel}","templated":true}]}}