{"id":93,"date":"2024-05-24T10:58:38","date_gmt":"2024-05-24T10:58:38","guid":{"rendered":"https:\/\/preview.treethemes.com\/nyssa_backup\/demo1-clean\/?p=93"},"modified":"2025-08-13T23:37:00","modified_gmt":"2025-08-13T23:37:00","slug":"asamblea-macrorregional-en-cajamarca","status":"publish","type":"post","link":"https:\/\/cpp.pe\/cpp\/2024\/05\/24\/asamblea-macrorregional-en-cajamarca\/","title":{"rendered":"ASAMBLEA MACRORREGIONAL EN CAJAMARCA"},"content":{"rendered":"<div class=\"wpb-content-wrapper\"><p>[vc_row css=\u00bb.vc_custom_1562273883104{padding-top: 20px !important;padding-bottom: 80px !important;}\u00bb][vc_column][vc_empty_space height=\u00bb40px\u00bb][vc_column_text css=\u00bb\u00bb]<\/p>\n<p dir=\"ltr\">El primer encuentro Macrorregional del Colegio de Periodistas del Per\u00fa se realiz\u00f3 en Cajamarca, reuniendo a los decanos de los colegios profesionales de periodistas del norte del pa\u00eds. En este evento, se reafirm\u00f3 el compromiso con la defensa de la libertad de prensa, el pluralismo y la protecci\u00f3n de los periodistas y comunicadores.<\/p>\n<p dir=\"ltr\">Durante el encuentro, los participantes emitieron un pronunciamiento final exigiendo a las autoridades garantizar el libre ejercicio del periodismo sin censura ni represi\u00f3n. La reuni\u00f3n cont\u00f3 con la presencia de la decana nacional, Karola Lara Manchego, miembros de la Directiva Nacional y los decanos regionales.<\/p>\n<p dir=\"ltr\">Se abordaron temas cruciales como la \u00e9tica period\u00edstica y se promovi\u00f3 una cultura deontol\u00f3gica basada en la verdad y la b\u00fasqueda de informaci\u00f3n veraz. Se destac\u00f3 la importancia del cumplimiento de la Ley 24898, que establece la necesidad de que los jefes de prensa sean periodistas profesionales colegiados.<\/p>\n<p dir=\"ltr\">Un punto central fue la creaci\u00f3n de un observatorio de vigilancia para proteger a los periodistas y comunicadores sociales contra cualquier forma de agresi\u00f3n o intimidaci\u00f3n. Adem\u00e1s, se anunci\u00f3 la promoci\u00f3n de capacitaciones constantes y el intercambio de conocimientos entre periodistas de diferentes regiones.<\/p>\n<p dir=\"ltr\">Se realiz\u00f3 un diagn\u00f3stico de la situaci\u00f3n de los colegios regionales y de la actividad period\u00edstica en cada regi\u00f3n, destacando la necesidad de profesionalizaci\u00f3n y respeto a los derechos laborales. El encuentro concluy\u00f3 con la ratificaci\u00f3n de la autonom\u00eda de la decana nacional y los decanos regionales en la administraci\u00f3n y gesti\u00f3n econ\u00f3mica, y se convoc\u00f3 a una pr\u00f3xima asamblea extraordinaria para fortalecer la institucionalidad del gremio.<\/p>\n<p dir=\"ltr\">Se resalt\u00f3 el creciente rol de las mujeres en la dirigencia del CPP, tanto a nivel nacional como regional. Lara Manchego concluy\u00f3 reconociendo el compromiso y la pasi\u00f3n de los periodistas peruanos a pesar de las adversas condiciones laborales. Este encuentro marca un hito importante en la lucha por un periodismo profesional y \u00e9tico en el Per\u00fa, sentando las bases para futuros avances en la protecci\u00f3n y desarrollo de la profesi\u00f3n.<\/p>\n<p>[\/vc_column_text][\/vc_column][\/vc_row]<\/p>\n<\/div>","protected":false},"excerpt":{"rendered":"<p>[vc_row css=\u00bb.vc_custom_1562273883104{padding-top: 20px !important;padding-bottom: 80px !important;}\u00bb][vc_column][vc_empty_space height=\u00bb40px\u00bb][vc_column_text css=\u00bb\u00bb] El primer encuentro Macrorregional del Colegio de Periodistas del Per\u00fa se realiz\u00f3 en Cajamarca, reuniendo a los decanos de los colegios profesionales de periodistas del norte del pa\u00eds. En este evento, se reafirm\u00f3 el compromiso con la defensa de la libertad de prensa, el pluralismo y la [&hellip;]<\/p>\n","protected":false},"author":1,"featured_media":4932,"comment_status":"open","ping_status":"open","sticky":false,"template":"","format":"standard","meta":{"footnotes":""},"categories":[26],"tags":[],"class_list":["post-93","post","type-post","status-publish","format-standard","has-post-thumbnail","hentry","category-nota-de-prensa"],"_links":{"self":[{"href":"https:\/\/cpp.pe\/cpp\/wp-json\/wp\/v2\/posts\/93","targetHints":{"allow":["GET"]}}],"collection":[{"href":"https:\/\/cpp.pe\/cpp\/wp-json\/wp\/v2\/posts"}],"about":[{"href":"https:\/\/cpp.pe\/cpp\/wp-json\/wp\/v2\/types\/post"}],"author":[{"embeddable":true,"href":"https:\/\/cpp.pe\/cpp\/wp-json\/wp\/v2\/users\/1"}],"replies":[{"embeddable":true,"href":"https:\/\/cpp.pe\/cpp\/wp-json\/wp\/v2\/comments?post=93"}],"version-history":[{"count":2,"href":"https:\/\/cpp.pe\/cpp\/wp-json\/wp\/v2\/posts\/93\/revisions"}],"predecessor-version":[{"id":4945,"href":"https:\/\/cpp.pe\/cpp\/wp-json\/wp\/v2\/posts\/93\/revisions\/4945"}],"wp:featuredmedia":[{"embeddable":true,"href":"https:\/\/cpp.pe\/cpp\/wp-json\/wp\/v2\/media\/4932"}],"wp:attachment":[{"href":"https:\/\/cpp.pe\/cpp\/wp-json\/wp\/v2\/media?parent=93"}],"wp:term":[{"taxonomy":"category","embeddable":true,"href":"https:\/\/cpp.pe\/cpp\/wp-json\/wp\/v2\/categories?post=93"},{"taxonomy":"post_tag","embeddable":true,"href":"https:\/\/cpp.pe\/cpp\/wp-json\/wp\/v2\/tags?post=93"}],"curies":[{"name":"wp","href":"https:\/\/api.w.org\/{rel}","templated":true}]}}